{"id":8222,"date":"2025-08-12T12:06:25","date_gmt":"2025-08-12T15:06:25","guid":{"rendered":"https:\/\/www.tudobeats.com.br\/home\/?p=8222"},"modified":"2025-08-12T12:06:27","modified_gmt":"2025-08-12T15:06:27","slug":"giras-do-brasil-emote-e-pablo-escobar-exploram-conexao-entre-musica-eletronica-e-tradicoes-afro-brasileiras","status":"publish","type":"post","link":"https:\/\/www.tudobeats.com.br\/home\/giras-do-brasil-emote-e-pablo-escobar-exploram-conexao-entre-musica-eletronica-e-tradicoes-afro-brasileiras\/","title":{"rendered":"Giras do Brasil: EM\u00d8TE e Pablo Escobar exploram conex\u00e3o entre m\u00fasica eletr\u00f4nica e tradi\u00e7\u00f5es afro-brasileiras"},"content":{"rendered":"\n<p><em>\u00c1lbum foi gravado em imers\u00e3o cultural no Mato Grosso e j\u00e1 est\u00e1 dispon\u00edvel nas plataformas digitais<\/em><\/p>\n\n\n\n<p><strong>.<\/strong><\/p>\n\n\n\n<figure class=\"wp-block-image size-large\"><img loading=\"lazy\" decoding=\"async\" width=\"1024\" height=\"819\" src=\"https:\/\/www.tudobeats.com.br\/home\/wp-content\/uploads\/2025\/08\/EMOTE-e-Pablo-Escobar-01-1024x819.jpg\" alt=\"\" class=\"wp-image-8223\" srcset=\"https:\/\/www.tudobeats.com.br\/home\/wp-content\/uploads\/2025\/08\/EMOTE-e-Pablo-Escobar-01-1024x819.jpg 1024w, https:\/\/www.tudobeats.com.br\/home\/wp-content\/uploads\/2025\/08\/EMOTE-e-Pablo-Escobar-01-300x240.jpg 300w, https:\/\/www.tudobeats.com.br\/home\/wp-content\/uploads\/2025\/08\/EMOTE-e-Pablo-Escobar-01-768x614.jpg 768w, https:\/\/www.tudobeats.com.br\/home\/wp-content\/uploads\/2025\/08\/EMOTE-e-Pablo-Escobar-01-1536x1229.jpg 1536w, https:\/\/www.tudobeats.com.br\/home\/wp-content\/uploads\/2025\/08\/EMOTE-e-Pablo-Escobar-01.jpg 2000w\" sizes=\"auto, (max-width: 1024px) 100vw, 1024px\" \/><\/figure>\n\n\n\n<p>.<\/p>\n\n\n\n<p>O DJ e produtor EM\u00d8TE, em parceria com o tamb\u00e9m DJ e produtor Pablo Escobar, apresenta o \u00e1lbum <em>Giras do Brasil<\/em>. O trabalho une house, tech house e outras vertentes da m\u00fasica eletr\u00f4nica a cantos, percuss\u00f5es e instrumentos tradicionais afro-brasileiros. O projeto est\u00e1 dispon\u00edvel em todas as plataformas de streaming e foi concebido a partir de uma experi\u00eancia imersiva que buscou integrar pr\u00e1ticas ancestrais \u00e0 produ\u00e7\u00e3o musical contempor\u00e2nea.<\/p>\n\n\n\n<p>Gravado no munic\u00edpio de Sorriso (MT), o \u00e1lbum foi resultado de tr\u00eas semanas de imers\u00e3o cultural na Tenda Esp\u00edrita Jo\u00e3o da Mata. Durante esse per\u00edodo, EM\u00d8TE e Pablo captaram vozes, tambores, berimbaus e coros diretamente da comunidade local, incorporando elementos rituais e preservando a autenticidade das manifesta\u00e7\u00f5es. O processo contou com a participa\u00e7\u00e3o e o aval de lideran\u00e7as culturais e espirituais, que contribu\u00edram para o alinhamento entre a proposta art\u00edstica e o respeito \u00e0s tradi\u00e7\u00f5es.<\/p>\n\n\n\n<p>Ao longo de 12 faixas, <em>Giras do Brasil<\/em> apresenta a intera\u00e7\u00e3o entre sonoridades eletr\u00f4nicas e express\u00f5es musicais afro-brasileiras, estabelecendo pontes entre passado e presente. O \u00e1lbum aborda temas ligados \u00e0 resist\u00eancia cultural, ao combate \u00e0 intoler\u00e2ncia religiosa e \u00e0 valoriza\u00e7\u00e3o da diversidade, incorporando elementos simb\u00f3licos que remetem \u00e0s origens da pr\u00f3pria dance music.<br><\/p>\n\n\n\n<figure class=\"wp-block-embed is-type-rich is-provider-spotify wp-block-embed-spotify wp-embed-aspect-21-9 wp-has-aspect-ratio\"><div class=\"wp-block-embed__wrapper\">\n<div class=\"video-container\"><iframe title=\"Spotify Embed: Respeito\" style=\"border-radius: 12px\" width=\"100%\" height=\"152\" frameborder=\"0\" allowfullscreen allow=\"autoplay; clipboard-write; encrypted-media; fullscreen; picture-in-picture\" loading=\"lazy\" src=\"https:\/\/open.spotify.com\/embed\/track\/1PZ69W6Zqtw27t57Fn6KLu?si=eace3c6d77fd4842&#038;utm_source=oembed\"><\/iframe><\/div>\n<\/div><\/figure>\n\n\n\n<p><br>A parceria entre EM\u00d8TE e Pablo Escobar come\u00e7ou em 2020, a partir de um contato pelas redes sociais. O entrosamento criativo resultou em colabora\u00e7\u00f5es e lan\u00e7amentos conjuntos, al\u00e9m da cria\u00e7\u00e3o do selo PERecords. A produ\u00e7\u00e3o de <em>Giras do Brasil<\/em> marca a consolida\u00e7\u00e3o dessa parceria, reunindo n\u00e3o apenas os dois artistas, mas tamb\u00e9m uma equipe que atuou em diferentes frentes. J\u00e9ssica Escobar foi respons\u00e1vel pela coordena\u00e7\u00e3o cultural e participa\u00e7\u00e3o musical, Ver\u00f4nica Santana de Oy\u00e1 contribuiu como consultora espiritual e cultural, e Diana Jos\u00e9 da Fonseca realizou a revis\u00e3o cultural.<\/p>\n\n\n\n<p>O projeto foi viabilizado por meio da Lei Paulo Gustavo, via edital Viver Cultura \u2013 Express\u00f5es Art\u00edsticas, da Secretaria de Cultura, Esporte e Lazer de Mato Grosso (Secel). Essa estrutura permitiu a realiza\u00e7\u00e3o de grava\u00e7\u00f5es em campo, a capta\u00e7\u00e3o de \u00e1udio em alta qualidade e a integra\u00e7\u00e3o com os saberes locais. Para os artistas, o trabalho simboliza a possibilidade de unir linguagens musicais e promover um di\u00e1logo entre comunidades e p\u00fablicos distintos.<\/p>\n\n\n\n<figure class=\"wp-block-embed is-type-rich is-provider-spotify wp-block-embed-spotify wp-embed-aspect-21-9 wp-has-aspect-ratio\"><div class=\"wp-block-embed__wrapper\">\n<div class=\"video-container\"><iframe title=\"Spotify Embed: Oxal\u00e1\" style=\"border-radius: 12px\" width=\"100%\" height=\"152\" frameborder=\"0\" allowfullscreen allow=\"autoplay; clipboard-write; encrypted-media; fullscreen; picture-in-picture\" loading=\"lazy\" src=\"https:\/\/open.spotify.com\/embed\/track\/3puhCOTAc7GCAPGHPrRcQM?si=92102047b7ac4069&#038;utm_source=oembed\"><\/iframe><\/div>\n<\/div><\/figure>\n\n\n\n<p>As faixas do \u00e1lbum transitam entre batidas de pista e trechos vocais gravados em rituais, mantendo a caracter\u00edstica repetitiva e hipn\u00f3tica de certos padr\u00f5es r\u00edtmicos. Essa combina\u00e7\u00e3o cria uma din\u00e2mica em que o contexto cultural das grava\u00e7\u00f5es \u00e9 preservado, ao mesmo tempo em que os arranjos e a mixagem inserem o conte\u00fado no universo da m\u00fasica eletr\u00f4nica contempor\u00e2nea.<\/p>\n\n\n\n<p>A distribui\u00e7\u00e3o digital de <em>Giras do Brasil<\/em> amplia o alcance das manifesta\u00e7\u00f5es culturais presentes no \u00e1lbum, levando-as a p\u00fablicos que talvez n\u00e3o tenham contato direto com as tradi\u00e7\u00f5es afro-brasileiras. Ao inserir esses elementos no ambiente da m\u00fasica eletr\u00f4nica, o trabalho contribui para a circula\u00e7\u00e3o de express\u00f5es art\u00edsticas que carregam significados hist\u00f3ricos e sociais relevantes.<\/p>\n\n\n\n<p>O lan\u00e7amento tamb\u00e9m refor\u00e7a o papel da produ\u00e7\u00e3o musical como ferramenta de registro e difus\u00e3o cultural. Nesse sentido, <em>Giras do Brasil<\/em> atua como documento sonoro e como obra art\u00edstica, integrando cria\u00e7\u00e3o, preserva\u00e7\u00e3o e di\u00e1logo entre diferentes universos musicais.<\/p>\n\n\n\n<p>Com a fus\u00e3o entre beats eletr\u00f4nicos e cantos tradicionais, EM\u00d8TE e Pablo Escobar apresentam uma proposta que articula inova\u00e7\u00e3o musical e preserva\u00e7\u00e3o cultural. O \u00e1lbum est\u00e1 dispon\u00edvel para streaming em todas as plataformas, oferecendo uma escuta que transita entre o ritual e a pista de dan\u00e7a.<\/p>\n\n\n\n<p>A obra evidencia que a m\u00fasica eletr\u00f4nica pode servir como espa\u00e7o de encontro entre diferentes heran\u00e7as culturais, expandindo seus pr\u00f3prios limites e fortalecendo conex\u00f5es com as ra\u00edzes que inspiram sua evolu\u00e7\u00e3o.<\/p>\n","protected":false},"excerpt":{"rendered":"<p>\u00c1lbum foi gravado em imers\u00e3o cultural no Mato Grosso e j\u00e1 est\u00e1 dispon\u00edvel nas plataformas digitais . . O DJ e produtor EM\u00d8TE, em parceria com o tamb\u00e9m DJ e produtor Pablo Escobar, apresenta o \u00e1lbum Giras do Brasil. O trabalho une house, tech house e outras vertentes da m\u00fasica eletr\u00f4nica a cantos, percuss\u00f5es e [&hellip;]<\/p>\n","protected":false},"author":3,"featured_media":8223,"comment_status":"closed","ping_status":"open","sticky":false,"template":"","format":"aside","meta":{"footnotes":""},"categories":[2],"tags":[39,2919,19,20,333,16],"class_list":["post-8222","post","type-post","status-publish","format-aside","has-post-thumbnail","hentry","category-news","tag-curitiba","tag-destaque","tag-nazen-carneiro","tag-nzpr","tag-sao-paulo","tag-tudobeats","post_format-post-format-aside"],"jetpack_featured_media_url":"https:\/\/www.tudobeats.com.br\/home\/wp-content\/uploads\/2025\/08\/EMOTE-e-Pablo-Escobar-01.jpg","_links":{"self":[{"href":"https:\/\/www.tudobeats.com.br\/home\/wp-json\/wp\/v2\/posts\/8222","targetHints":{"allow":["GET"]}}],"collection":[{"href":"https:\/\/www.tudobeats.com.br\/home\/wp-json\/wp\/v2\/posts"}],"about":[{"href":"https:\/\/www.tudobeats.com.br\/home\/wp-json\/wp\/v2\/types\/post"}],"author":[{"embeddable":true,"href":"https:\/\/www.tudobeats.com.br\/home\/wp-json\/wp\/v2\/users\/3"}],"replies":[{"embeddable":true,"href":"https:\/\/www.tudobeats.com.br\/home\/wp-json\/wp\/v2\/comments?post=8222"}],"version-history":[{"count":1,"href":"https:\/\/www.tudobeats.com.br\/home\/wp-json\/wp\/v2\/posts\/8222\/revisions"}],"predecessor-version":[{"id":8224,"href":"https:\/\/www.tudobeats.com.br\/home\/wp-json\/wp\/v2\/posts\/8222\/revisions\/8224"}],"wp:featuredmedia":[{"embeddable":true,"href":"https:\/\/www.tudobeats.com.br\/home\/wp-json\/wp\/v2\/media\/8223"}],"wp:attachment":[{"href":"https:\/\/www.tudobeats.com.br\/home\/wp-json\/wp\/v2\/media?parent=8222"}],"wp:term":[{"taxonomy":"category","embeddable":true,"href":"https:\/\/www.tudobeats.com.br\/home\/wp-json\/wp\/v2\/categories?post=8222"},{"taxonomy":"post_tag","embeddable":true,"href":"https:\/\/www.tudobeats.com.br\/home\/wp-json\/wp\/v2\/tags?post=8222"}],"curies":[{"name":"wp","href":"https:\/\/api.w.org\/{rel}","templated":true}]}}