{"id":7460,"date":"2023-08-02T20:32:50","date_gmt":"2023-08-02T23:32:50","guid":{"rendered":"https:\/\/www.tudobeats.com.br\/home\/?p=7460"},"modified":"2023-08-02T20:32:52","modified_gmt":"2023-08-02T23:32:52","slug":"entrevista-kanio-toca-dia-5-no-sommos-festival-e-compartilha-seu-top-5-de-musicas-proprias","status":"publish","type":"post","link":"https:\/\/www.tudobeats.com.br\/home\/entrevista-kanio-toca-dia-5-no-sommos-festival-e-compartilha-seu-top-5-de-musicas-proprias\/","title":{"rendered":"Entrevista: Kanio toca dia 5 no Sommos Festival e compartilha seu Top 5 de m\u00fasicas pr\u00f3prias"},"content":{"rendered":"\n<p><em>Quatro palcos, dezenas de artistas locais, arte visual, dan\u00e7a, batalha de rimas, performances, DJs do Brasil e do mundo ocupam o espa\u00e7o urbano s\u00e1bado dia 5 em Londrina<\/em><\/p>\n\n\n\n<p>.<\/p>\n\n\n\n<div class=\"wp-block-image\"><figure class=\"aligncenter size-large\"><img loading=\"lazy\" decoding=\"async\" width=\"819\" height=\"1024\" src=\"https:\/\/www.tudobeats.com.br\/home\/wp-content\/uploads\/2023\/08\/NZPR-SommosS-Festival-23-08-_-kanio-2-819x1024.jpg\" alt=\"\" class=\"wp-image-7461\" srcset=\"https:\/\/www.tudobeats.com.br\/home\/wp-content\/uploads\/2023\/08\/NZPR-SommosS-Festival-23-08-_-kanio-2-819x1024.jpg 819w, https:\/\/www.tudobeats.com.br\/home\/wp-content\/uploads\/2023\/08\/NZPR-SommosS-Festival-23-08-_-kanio-2-240x300.jpg 240w, https:\/\/www.tudobeats.com.br\/home\/wp-content\/uploads\/2023\/08\/NZPR-SommosS-Festival-23-08-_-kanio-2-768x960.jpg 768w, https:\/\/www.tudobeats.com.br\/home\/wp-content\/uploads\/2023\/08\/NZPR-SommosS-Festival-23-08-_-kanio-2-1229x1536.jpg 1229w, https:\/\/www.tudobeats.com.br\/home\/wp-content\/uploads\/2023\/08\/NZPR-SommosS-Festival-23-08-_-kanio-2-1638x2048.jpg 1638w, https:\/\/www.tudobeats.com.br\/home\/wp-content\/uploads\/2023\/08\/NZPR-SommosS-Festival-23-08-_-kanio-2.jpg 2000w\" sizes=\"auto, (max-width: 819px) 100vw, 819px\" \/><figcaption>Kanio 2023 <\/figcaption><\/figure><\/div>\n\n\n\n<p>.<\/p>\n\n\n\n<p>por Nazen Carneiro, <a href=\"http:\/\/ww.instagram.com\/tudobeats1\">exclusivo para o tudobeats<\/a><\/p>\n\n\n\n<p>Kanio ascendeu ao cen\u00e1rio mundial nos anos 2000 tocando e compondo minimal mas de l\u00e1 para c\u00e1 seu som mudou bastante at\u00e9 chegar no Tech e Bass House que o fizeram se manter em constante tour pelo pa\u00eds e que pretende apresentar no  <a href=\"http:\/\/ingressonacional.com.br\/evento\/24796\/sommos-festival-----capitulo-i-----sementes\"><strong>Sommos Festival<\/strong><\/a>, dia 5 de Agosto em Londrina.<\/p>\n\n\n\n<p>Kanio \u00e9 um dos artistas convidados para o festival que pretende unir diferentes tribos na maior cidade do interior do Paran\u00e1. Tamb\u00e9m conhecido como Dexter Kane, o artista tem tido uma carreira pouco ortodoxa nos \u00faltimos anos. Pouco tempo depois de aposentar o projeto em 2016, ele contraiu uma doen\u00e7a grave, chamada encefalomielite mi\u00e1lgica, conhecida como s\u00edndrome da fadiga cr\u00f4nica e n\u00e3o foi s\u00f3. Embora o plano fosse concentrar-se em outros projetos, escrever m\u00fasica e fazer turn\u00eas tornou-se cada vez mais dif\u00edcil \u00e0 medida que sua sa\u00fade continuava a declinar. Eventualmente, depois de ficar acamado por 23 horas por dia, ele conseguiu descobrir uma forma radical de terapia que lhe permitiu se recuperar totalmente em 2021.<\/p>\n\n\n\n<p>Para saer mais disto e do que vem por a\u00ed na apresenta\u00e7\u00e3o do artista este final de semana em Londrina, no  <a href=\"http:\/\/ingressonacional.com.br\/evento\/24796\/sommos-festival-----capitulo-i-----sementes\"><strong>Sommos Festival<\/strong><\/a>   <strong>Nazen Carneiro<\/strong> bateu um papo com Kanio que voc\u00ea confere aqui abaixo, embalado por um top 5 de suas pr\u00f3prias m\u00fasicas, escolhido por ele, que ilustra a entrevista.\u00a0<\/p>\n\n\n\n<p>Vamos come\u00e7ar pelo seu primeiro hit, Sambucca<\/p>\n\n\n\n<figure class=\"wp-block-embed is-type-video is-provider-youtube wp-block-embed-youtube wp-embed-aspect-4-3 wp-has-aspect-ratio\"><div class=\"wp-block-embed__wrapper\">\n<div class=\"video-container\"><iframe loading=\"lazy\" title=\"Kanio - Sambuca\" width=\"1000\" height=\"750\" src=\"https:\/\/www.youtube.com\/embed\/2F81M7r4TaQ?feature=oembed\" frameborder=\"0\" allow=\"accelerometer; autoplay; clipboard-write; encrypted-media; gyroscope; picture-in-picture; web-share\" allowfullscreen><\/iframe><\/div>\n<\/div><\/figure>\n\n\n\n<p><strong>tudobeats: Kanio, muito obrigado por esta entrevista<\/strong><\/p>\n\n\n\n<p>Inspect Ya Decks<br>Chopsticks, Suedmilch &#8211; Hakuna (Kanio\u00b4s Bing Bong Mix),&nbsp;<\/p>\n\n\n\n<p><strong>tudobeats: Voc\u00ea tem uma carreira de mais de quinze anos e tenho certeza que as pessoas est\u00e3o curiosas para saber como voc\u00ea come\u00e7ou tudo isso. O que estava passando pela sua cabe\u00e7a? Como voc\u00ea se lembra dessa fase?<\/strong><\/p>\n\n\n\n<p>&nbsp;Comecei a escrever faixas m\u00ednimas em 2007, inspirado pela crescente cena after hour em Londres. Esse som era enorme naquela \u00e9poca.<\/p>\n\n\n\n<figure class=\"wp-block-embed is-type-video is-provider-youtube wp-block-embed-youtube wp-embed-aspect-16-9 wp-has-aspect-ratio\"><div class=\"wp-block-embed__wrapper\">\n<div class=\"video-container\"><iframe loading=\"lazy\" title=\"Kanio - Inspect Ya Decks (Original Mix)\" width=\"1000\" height=\"563\" src=\"https:\/\/www.youtube.com\/embed\/93ps0Rz5pmQ?feature=oembed\" frameborder=\"0\" allow=\"accelerometer; autoplay; clipboard-write; encrypted-media; gyroscope; picture-in-picture; web-share\" allowfullscreen><\/iframe><\/div>\n<\/div><\/figure>\n\n\n\n<p><strong>tudobeats: Os festivais fazem parte da cultura moderna, ainda mais quando se trata de m\u00fasica eletr\u00f4nica. \u00c9 muito legal ter festivais acontecendo no interior, n\u00e3o s\u00f3 nas capitais, como o Festival Sommos que voc\u00eas tocam no dia 5 de agosto em Londrina. Por favor, comente sobre a import\u00e2ncia dos festivais em todo o Brasil.<\/strong><\/p>\n\n\n\n<p><em>Com certeza eles parecem ser realmente importantes aqui. Voc\u00eas t\u00eam um \u00f3timo clima na maioria das vezes, ent\u00e3o faz todo o sentido.<\/em><\/p>\n\n\n\n<p><strong>tudobeats: O que voc\u00ea est\u00e1 preparando para sua apresenta\u00e7\u00e3o no  <a href=\"http:\/\/ingressonacional.com.br\/evento\/24796\/sommos-festival-----capitulo-i-----sementes\"><strong>Sommos Festival<\/strong><\/a>? Voc\u00ea pode adiantar alguma coisa?<\/strong><\/p>\n\n\n\n<p><em>Eu realmente n\u00e3o preparo sets, apenas chego com minha m\u00fasica e fa\u00e7o o poss\u00edvel para tocar as faixas certas na hora certa. Para mim, essa \u00e9 a arte de DJing.<\/em><\/p>\n\n\n\n<p><strong>tudobeats: Voc\u00ea se mudou para o Brasil e tem uma sinergia muito grande com o p\u00fablico daqui. Por favor comente.<\/strong><\/p>\n\n\n\n<p><em>O p\u00fablico brasileiro sempre foi incr\u00edvel para mim, sou imensamente grato por isso. Ainda estou impressionado com a energia de cada show que fa\u00e7o.<\/em><\/p>\n\n\n\n<figure class=\"wp-block-embed is-type-video is-provider-youtube wp-block-embed-youtube wp-embed-aspect-16-9 wp-has-aspect-ratio\"><div class=\"wp-block-embed__wrapper\">\n<div class=\"video-container\"><iframe loading=\"lazy\" title=\"Suedmilch - Hakuna (Kanio&#039;s bing bong mix)\" width=\"1000\" height=\"563\" src=\"https:\/\/www.youtube.com\/embed\/7ZrJeXfSOpA?feature=oembed\" frameborder=\"0\" allow=\"accelerometer; autoplay; clipboard-write; encrypted-media; gyroscope; picture-in-picture; web-share\" allowfullscreen><\/iframe><\/div>\n<\/div><\/figure>\n\n\n\n<p><strong>tudobeats: A partir de 2013, o que mais mudou na m\u00fasica do Kanio?<\/strong><\/p>\n\n\n\n<p><em>Na verdade, nessa \u00e9poca, eu estava trabalhando principalmente em meu outro projeto, Dexter Kane, e alguns anos antes de chegar, estava lutando contra uma doen\u00e7a e ent\u00e3o a cobi\u00e7a aconteceu. Mas desde que vim para o Brasil em 2021, voltei a escrever as faixas do Kanio. Acho que o som que estou escrevendo agora tem mais influ\u00eancia do tech house.<\/em><\/p>\n\n\n\n<p><strong>tudobeats: Por favor, compartilhe sobre seus projetos musicais atuais (faixas, lan\u00e7amentos, colabora\u00e7\u00f5es em que voc\u00ea est\u00e1 trabalhando.<\/strong><\/p>\n\n\n\n<p><em>Tenho trabalhado principalmente em faixas para minha gravadora Novakane. Tamb\u00e9m tenho um novo EP com Louie Cut que lan\u00e7aremos em sua gravadora em breve.<\/em><\/p>\n\n\n\n<p><strong>tudobeats: O que vem a seguir para Kanio?<\/strong><\/p>\n\n\n\n<p><em>Recentemente tive que mudar de est\u00fadio duas vezes por m\u00eas, tem sido muito dif\u00edcil encontrar um bom espa\u00e7o para trabalhar. Ent\u00e3o, agora, toda a minha energia est\u00e1 indo para aprender a nova sala e voltar ao fluxo para que eu possa continuar lan\u00e7ando novas m\u00fasicas.<\/em><\/p>\n\n\n\n<p><strong>tudobeats: Muito obrigado, nos vemos no  <a href=\"http:\/\/ingressonacional.com.br\/evento\/24796\/sommos-festival-----capitulo-i-----sementes\"><strong>Sommos Festival<\/strong><\/a>   dia 05<\/strong><\/p>\n\n\n\n<p><em>At\u00e9 l\u00e1, um grande abra\u00e7o a todos do tudobeats<\/em><\/p>\n\n\n\n<p>O <a href=\"http:\/\/ingressonacional.com.br\/evento\/24796\/sommos-festival-----capitulo-i-----sementes\"><strong> <a href=\"http:\/\/ingressonacional.com.br\/evento\/24796\/sommos-festival-----capitulo-i-----sementes\"><strong>Sommos Festival<\/strong><\/a> <\/strong><\/a>acontece dia 05 de Agosto de 2023, s\u00e1bado, a partir de 16h e vai at\u00e9 as 04h no Parque de Exposi\u00e7\u00f5es Governador Ney Braga, que fica na Av. Tiradentes, 6275 &#8211; Cilo II, em Londrina, no Paran\u00e1. <a href=\"http:\/\/ingressonacional.com.br\/evento\/24796\/sommos-festival-----capitulo-i-----sementes\"><strong>Ingressos dispon\u00edveis aqui.<\/strong><\/a><\/p>\n\n\n\n<p><strong>Servi\u00e7o:<\/strong><\/p>\n\n\n\n<p>Evento: Sommos Festival<\/p>\n\n\n\n<p>Data: 05 de Agosto de 2023. De 16h a 04h.<\/p>\n\n\n\n<p>Local: Parque Ney Braga Av. Tiradentes, 6275 &#8211; Cilo II, Londrina, Paran\u00e1.<\/p>\n\n\n\n<p>Atra\u00e7\u00f5es: Quatro palcos com artistas locais, DJs nacionais e internacionais,&nbsp;<\/p>\n\n\n\n<p>exposi\u00e7\u00f5es, interven\u00e7\u00f5es art\u00edsticas e mais.<\/p>\n\n\n\n<p>Ingressos: <a href=\"https:\/\/www.ingressonacional.com.br\/evento\/24796\/sommos-festival-----capitulo-i-----sementes\">ingressonacional.com.br\/evento\/24796\/sommos-festival&#8212;&#8211;capitulo-i&#8212;&#8211;sementes<\/a><\/p>\n\n\n\n<p><strong>Informa\u00e7\u00f5es<\/strong>:<a href=\"http:\/\/www.sommosfestival.com.br\"> www.sommosfestival.com.br<\/a><\/p>\n","protected":false},"excerpt":{"rendered":"<p>Quatro palcos, dezenas de artistas locais, arte visual, dan\u00e7a, batalha de rimas, performances, DJs do Brasil e do mundo ocupam o espa\u00e7o urbano s\u00e1bado dia 5 em Londrina . . por Nazen Carneiro, exclusivo para o tudobeats Kanio ascendeu ao cen\u00e1rio mundial nos anos 2000 tocando e compondo minimal mas de l\u00e1 para c\u00e1 seu [&hellip;]<\/p>\n","protected":false},"author":2,"featured_media":7461,"comment_status":"closed","ping_status":"open","sticky":false,"template":"","format":"aside","meta":{"footnotes":""},"categories":[2],"tags":[2919,168,3424,19,20,3428],"class_list":["post-7460","post","type-post","status-publish","format-aside","has-post-thumbnail","hentry","category-news","tag-destaque","tag-house-music","tag-kanio","tag-nazen-carneiro","tag-nzpr","tag-sommos-festival","post_format-post-format-aside"],"jetpack_featured_media_url":"https:\/\/www.tudobeats.com.br\/home\/wp-content\/uploads\/2023\/08\/NZPR-SommosS-Festival-23-08-_-kanio-2.jpg","_links":{"self":[{"href":"https:\/\/www.tudobeats.com.br\/home\/wp-json\/wp\/v2\/posts\/7460","targetHints":{"allow":["GET"]}}],"collection":[{"href":"https:\/\/www.tudobeats.com.br\/home\/wp-json\/wp\/v2\/posts"}],"about":[{"href":"https:\/\/www.tudobeats.com.br\/home\/wp-json\/wp\/v2\/types\/post"}],"author":[{"embeddable":true,"href":"https:\/\/www.tudobeats.com.br\/home\/wp-json\/wp\/v2\/users\/2"}],"replies":[{"embeddable":true,"href":"https:\/\/www.tudobeats.com.br\/home\/wp-json\/wp\/v2\/comments?post=7460"}],"version-history":[{"count":1,"href":"https:\/\/www.tudobeats.com.br\/home\/wp-json\/wp\/v2\/posts\/7460\/revisions"}],"predecessor-version":[{"id":7462,"href":"https:\/\/www.tudobeats.com.br\/home\/wp-json\/wp\/v2\/posts\/7460\/revisions\/7462"}],"wp:featuredmedia":[{"embeddable":true,"href":"https:\/\/www.tudobeats.com.br\/home\/wp-json\/wp\/v2\/media\/7461"}],"wp:attachment":[{"href":"https:\/\/www.tudobeats.com.br\/home\/wp-json\/wp\/v2\/media?parent=7460"}],"wp:term":[{"taxonomy":"category","embeddable":true,"href":"https:\/\/www.tudobeats.com.br\/home\/wp-json\/wp\/v2\/categories?post=7460"},{"taxonomy":"post_tag","embeddable":true,"href":"https:\/\/www.tudobeats.com.br\/home\/wp-json\/wp\/v2\/tags?post=7460"}],"curies":[{"name":"wp","href":"https:\/\/api.w.org\/{rel}","templated":true}]}}