{"id":7068,"date":"2022-07-13T17:17:31","date_gmt":"2022-07-13T20:17:31","guid":{"rendered":"https:\/\/www.tudobeats.com.br\/home\/?p=7068"},"modified":"2022-07-13T17:17:33","modified_gmt":"2022-07-13T20:17:33","slug":"sammy-d-do-pillowtalk-estreia-dia-16-fonq-demure-nova-rooftop-party-no-rio-de-janeiro","status":"publish","type":"post","link":"https:\/\/www.tudobeats.com.br\/home\/sammy-d-do-pillowtalk-estreia-dia-16-fonq-demure-nova-rooftop-party-no-rio-de-janeiro\/","title":{"rendered":"Sammy D. do Pillowtalk estreia dia 16 Fonq Demure, Nova Rooftop Party no Rio de Janeiro"},"content":{"rendered":"\n<p><em>O hotel Selina Lapa \u00e9 a sede de uma proposta quase que irrecus\u00e1vel, afinal quem n\u00e3o ama uma rooftop party com um som classudo e aquela vibe do p\u00f4r do sol?<\/em><\/p>\n\n\n\n<p>.<\/p>\n\n\n\n<div class=\"wp-block-image\"><figure class=\"aligncenter size-large\"><img loading=\"lazy\" decoding=\"async\" width=\"1024\" height=\"580\" src=\"https:\/\/www.tudobeats.com.br\/home\/wp-content\/uploads\/2022\/07\/NZPR-FONQ-Demure-22-07-_-DJ-Mag-Brasil-O-terraco-2-1024x580.jpg\" alt=\"\" class=\"wp-image-7069\" srcset=\"https:\/\/www.tudobeats.com.br\/home\/wp-content\/uploads\/2022\/07\/NZPR-FONQ-Demure-22-07-_-DJ-Mag-Brasil-O-terraco-2-1024x580.jpg 1024w, https:\/\/www.tudobeats.com.br\/home\/wp-content\/uploads\/2022\/07\/NZPR-FONQ-Demure-22-07-_-DJ-Mag-Brasil-O-terraco-2-300x170.jpg 300w, https:\/\/www.tudobeats.com.br\/home\/wp-content\/uploads\/2022\/07\/NZPR-FONQ-Demure-22-07-_-DJ-Mag-Brasil-O-terraco-2-768x435.jpg 768w, https:\/\/www.tudobeats.com.br\/home\/wp-content\/uploads\/2022\/07\/NZPR-FONQ-Demure-22-07-_-DJ-Mag-Brasil-O-terraco-2-1536x869.jpg 1536w, https:\/\/www.tudobeats.com.br\/home\/wp-content\/uploads\/2022\/07\/NZPR-FONQ-Demure-22-07-_-DJ-Mag-Brasil-O-terraco-2.jpg 2048w\" sizes=\"auto, (max-width: 1024px) 100vw, 1024px\" \/><figcaption>The Rofftop Lapa<\/figcaption><\/figure><\/div>\n\n\n\n<p>.<\/p>\n\n\n\n<p>Classudo \u00e9 pouco. Essa proposta de trazer um garimpo musical para um ambiente descolado e agrad\u00e1vel se encaixa perfeitamente no \u201cThe Rooftop Selina\u201d, como se chama o terra\u00e7o com vista para os Arcos da Lapa, um dos mais tradicionais cart\u00f5es postais do Rio de Janeiro.<\/p>\n\n\n\n<p>Rare Grooves. Para exemplificar o menu musical, uma playlist foi criada por Sammy D. e pela crew Fonq Demure, recheada de raridades cheias de groove e que reflete a abordagem sonora do evento que ter\u00e1 seus encontros no segundo s\u00e1bado de cada m\u00eas, a come\u00e7ar no pr\u00f3ximo dia 16. <a href=\"https:\/\/www.sympla.com.br\/fonq-demure-1__1627166\">Consulte disponibilidade aqui.<\/a><\/p>\n\n\n\n<p>A estrutura do local conta com um teto transparente retr\u00e1til para proteger o p\u00fablico se necess\u00e1rio, mas ao que indica a previs\u00e3o do tempo, n\u00e3o ser\u00e1 usada. Dia 16 de Julho tem tudo para ser um dia de sol, ideal para receber o novo projeto de Sammy D. do Pillowtalk.<\/p>\n\n\n\n<p>O artista ganhou fama internacional com o Pillowtalk e hoje toca tamb\u00e9m em carreira solo. Figura frequente de festivais como The BPM Festival, <strong>Sammy D<\/strong>., est\u00e1 no Brasil ap\u00f3s shows no Dirty Bird Campout, SXM Festival, Surreal NYE e agora apresenta seu novo projeto, um garimpo discotec\u00e1rio de responsa: <em>\u201cAlguns cavam fundo, mas n\u00e3o tanto quanto os DJs residentes Tee Cardaci (EUA) e Rafael Contreiras (BRA),&nbsp; eles s\u00e3o natos viradores de vinis\u201d<\/em>, comenta o artista que \u00e9 americano mas mora no Brasil e \u00e9 casado com uma brasileira.<\/p>\n\n\n\n<p>Al\u00e9m dos DJs residentes, o evento do dia 16 conta com convidados especiais: o Coletivo Piraj\u00e1, formado por Antonio Simonetti, De Buffara, Lucca Campos, Nina Roq e V\u00edtor Souza. Juntos eles tem agitado o underground carioca com <em>\u201cuma chuva tropical de amplo espectro sonoro, conhecida entre os navegantes por seus ventos fortes e intensos raios que descentralizam a vida.<\/em>\u201d \u00c9 mole? \u00c9 colar para crer, a festa promete.<\/p>\n\n\n\n<p>Um caldo sonoro de raridades sonoras com influ\u00eancias que v\u00e3o de San Francisco ao Rio de Janeiro, Senegal e Uni\u00e3o Sovi\u00e9tica, \u201cconectando culturas e devaneios musicais\u201d. Ou\u00e7a aqui a playlist da Fonq Demure.<\/p>\n\n\n\n<figure class=\"wp-block-embed is-type-rich is-provider-spotify wp-block-embed-spotify wp-embed-aspect-21-9 wp-has-aspect-ratio\"><div class=\"wp-block-embed__wrapper\">\n<div class=\"video-container\"><iframe loading=\"lazy\" title=\"Spotify Embed: Fonq Demure \" style=\"border-radius: 12px\" width=\"100%\" height=\"380\" frameborder=\"0\" allowfullscreen allow=\"autoplay; clipboard-write; encrypted-media; fullscreen; picture-in-picture\" src=\"https:\/\/open.spotify.com\/embed\/playlist\/3zXzQ0i2cjzhheVQqnUiUi?si=zNrkN7TfQhC6QjCyAzJ-oQ&#038;nd=1&#038;pt_success=1&#038;utm_source=oembed\"><\/iframe><\/div>\n<\/div><\/figure>\n\n\n\n<p>Rafael Contreiras tem em suas influ\u00eancias desde o hardcore da adolesc\u00eancia at\u00e9 o Samba de Paulo Cesar Pinheiro, Eduardo Gudin, Carmen Costa e o indie rock de Polara, Cap&#8217;n&#8217;Jazz, Electrelane, chegando na MPB de Djavan, Zez\u00e9 Motta, Simone, Herlio Delmiro, Heraldo do Monte e Sivuca.<\/p>\n\n\n\n<p>Espera-se do seu set em vinil, muitas m\u00fasicas coloridas, energ\u00e9ticas, elegantes, nost\u00e1lgicas e, por vezes, inesperadas. Quando perguntado sobre algumas refer\u00eancias na sua discotecagem, ele afirmou:<\/p>\n\n\n\n<p><em>&#8220;\u00c9 poss\u00edvel falar em similaridade da atitude em rela\u00e7\u00e3o \u00e0 discotecagem em tr\u00eas cita\u00e7\u00f5es: o duo ingl\u00eas <\/em><a href=\"https:\/\/www.instagram.com\/secretsundaze\/\"><em>@secretsundaze<\/em><\/a><em>, o italiano <\/em><a href=\"https:\/\/www.instagram.com\/_____francescodelgarda\/\"><em>@_____francescodelgarda<\/em><\/a><em>, o brasileiro <\/em><a href=\"https:\/\/www.instagram.com\/djmarkym\/\"><em>@djmarkym<\/em><\/a><em> e a pr\u00f3pria crew da Fonq Demure: Sammy D. e Tee Cardaci Acho que meu som \u00e9 um caldo disso a\u00ed, e muitas outras refer\u00eancias.<\/em>&#8220;<\/p>\n\n\n\n<p>J\u00e1 Tee Cardaci \u00e9 mix de Brasil e Estados Unidos, um veterano do vinil com mais de 30 anos atr\u00e1s dos decks, selecionando sons funky e soul da di\u00e1spora global com pouca considera\u00e7\u00e3o por g\u00eaneros.<\/p>\n\n\n\n<p>Originalmente da \u00e1rea de Washington DC com passagens pela Europa e S\u00e3o Francisco ao longo do caminho, <strong>Tee <\/strong>chamou o Rio de Janeiro de casa nos \u00faltimos 14 anos. Suas reflex\u00f5es sobre escava\u00e7\u00e3o de caixas de discos e pesquisas sobre m\u00fasica brasileira foram apresentadas em publica\u00e7\u00f5es como <a href=\"https:\/\/www.instagram.com\/aquariumdrunkard\/\">@aquariumdrunkard<\/a> e <a href=\"https:\/\/www.instagram.com\/digmagazine\/\">@digmagazine<\/a> e suas v\u00e1rias produ\u00e7\u00f5es encontraram casas em selos como Ubiquity e <a href=\"https:\/\/www.instagram.com\/bastardjazz\/\">@bastardjazz<\/a>. Tee \u00e9 tamb\u00e9m apresentador do programa &#8216;Above The Horizon&#8217; na <a href=\"https:\/\/www.instagram.com\/universalrhythms.music\/\">@universalrhythms.music<\/a> Radio do Reino Unido e do V\u00f4o Livre na <a href=\"https:\/\/www.instagram.com\/dublab\/\">@dublab<\/a> Brasil.<\/p>\n\n\n\n<p>Levando a s\u00e9rio a ideia de que &#8216;a m\u00fasica \u00e9 a for\u00e7a de cura do mundo&#8217;, <em>&#8216;DJing&#8217; <\/em>para Tee transcende apenas tocar discos. \u00c9 uma tentativa de comunicar unidade, esperan\u00e7a e alegria atrav\u00e9s da m\u00fasica enquanto ilumina a escurid\u00e3o.<\/p>\n\n\n\n<p>E o Coletivo Piraj\u00e1? Bom, se liga nesse video:<\/p>\n\n\n\n<figure class=\"wp-block-embed is-type-video is-provider-youtube wp-block-embed-youtube wp-embed-aspect-16-9 wp-has-aspect-ratio\"><div class=\"wp-block-embed__wrapper\">\n<div class=\"video-container\"><iframe loading=\"lazy\" title=\"Coletivo Piraj\u00e1 @ Rock The Mountain\" width=\"1000\" height=\"563\" src=\"https:\/\/www.youtube.com\/embed\/w2njTZ70CBQ?start=3043&#038;feature=oembed\" frameborder=\"0\" allow=\"accelerometer; autoplay; clipboard-write; encrypted-media; gyroscope; picture-in-picture\" allowfullscreen><\/iframe><\/div>\n<\/div><\/figure>\n\n\n\n<p>A <strong>Fonq Demure<\/strong> tem agenda marcada para todo segundo s\u00e1bado do m\u00eas a partir do dia 16 de Julho de 2022 com in\u00edcio as 14h e t\u00e9rmino a meia noite. O evento acontece no terra\u00e7o do <a href=\"https:\/\/www.sympla.com.br\/fonq-demure-1__1627166\">Hotel Selina Lapa, com vista para os famosos Arcos da Lapa<\/a>, no Rio de Janeiro.<\/p>\n\n\n\n<p><strong>Servi\u00e7o<\/strong><\/p>\n\n\n\n<p><strong>Quando<\/strong>: 16 de Julho de 2022 &#8211; 14h a 00h<\/p>\n\n\n\n<p><strong>Onde<\/strong>: R. Visc. de Maranguape, 9 &#8211; Centro, Rio de Janeiro<\/p>\n\n\n\n<p><strong>Quem<\/strong>: Sammy D. from Pillowtalk, Coletivo Piraj\u00e1, Tee Cardaci e Rafael Contreiras<\/p>\n\n\n\n<p><strong>Como<\/strong>: <a href=\"http:\/\/www.fonqdemure.top\">www.fonqdemure.top<\/a><\/p>\n","protected":false},"excerpt":{"rendered":"<p>O hotel Selina Lapa \u00e9 a sede de uma proposta quase que irrecus\u00e1vel, afinal quem n\u00e3o ama uma rooftop party com um som classudo e aquela vibe do p\u00f4r do sol? . . Classudo \u00e9 pouco. Essa proposta de trazer um garimpo musical para um ambiente descolado e agrad\u00e1vel se encaixa perfeitamente no \u201cThe Rooftop [&hellip;]<\/p>\n","protected":false},"author":2,"featured_media":7069,"comment_status":"closed","ping_status":"open","sticky":false,"template":"","format":"aside","meta":{"footnotes":""},"categories":[2],"tags":[3141,3281,599,3282],"class_list":["post-7068","post","type-post","status-publish","format-aside","has-post-thumbnail","hentry","category-news","tag-coletivo-piraja","tag-fonq-demure","tag-pillowtalk","tag-sammy-d","post_format-post-format-aside"],"jetpack_featured_media_url":"https:\/\/www.tudobeats.com.br\/home\/wp-content\/uploads\/2022\/07\/NZPR-FONQ-Demure-22-07-_-DJ-Mag-Brasil-O-terraco-2.jpg","_links":{"self":[{"href":"https:\/\/www.tudobeats.com.br\/home\/wp-json\/wp\/v2\/posts\/7068","targetHints":{"allow":["GET"]}}],"collection":[{"href":"https:\/\/www.tudobeats.com.br\/home\/wp-json\/wp\/v2\/posts"}],"about":[{"href":"https:\/\/www.tudobeats.com.br\/home\/wp-json\/wp\/v2\/types\/post"}],"author":[{"embeddable":true,"href":"https:\/\/www.tudobeats.com.br\/home\/wp-json\/wp\/v2\/users\/2"}],"replies":[{"embeddable":true,"href":"https:\/\/www.tudobeats.com.br\/home\/wp-json\/wp\/v2\/comments?post=7068"}],"version-history":[{"count":1,"href":"https:\/\/www.tudobeats.com.br\/home\/wp-json\/wp\/v2\/posts\/7068\/revisions"}],"predecessor-version":[{"id":7070,"href":"https:\/\/www.tudobeats.com.br\/home\/wp-json\/wp\/v2\/posts\/7068\/revisions\/7070"}],"wp:featuredmedia":[{"embeddable":true,"href":"https:\/\/www.tudobeats.com.br\/home\/wp-json\/wp\/v2\/media\/7069"}],"wp:attachment":[{"href":"https:\/\/www.tudobeats.com.br\/home\/wp-json\/wp\/v2\/media?parent=7068"}],"wp:term":[{"taxonomy":"category","embeddable":true,"href":"https:\/\/www.tudobeats.com.br\/home\/wp-json\/wp\/v2\/categories?post=7068"},{"taxonomy":"post_tag","embeddable":true,"href":"https:\/\/www.tudobeats.com.br\/home\/wp-json\/wp\/v2\/tags?post=7068"}],"curies":[{"name":"wp","href":"https:\/\/api.w.org\/{rel}","templated":true}]}}