{"id":66,"date":"2016-08-30T00:37:50","date_gmt":"2016-08-30T03:37:50","guid":{"rendered":"http:\/\/www.tudobeats.com.br\/home\/?p=66"},"modified":"2016-08-30T00:47:05","modified_gmt":"2016-08-30T03:47:05","slug":"sabado-13-02-rola-a-festa-girl-gang-em-curitiba","status":"publish","type":"post","link":"https:\/\/www.tudobeats.com.br\/home\/sabado-13-02-rola-a-festa-girl-gang-em-curitiba\/","title":{"rendered":"S\u00e1bado 13.02 rola a festa Girl Gang em Curitiba"},"content":{"rendered":"<p style=\"text-align: center;\"><span style=\"background-color: white; color: #141823; font-family: 'georgia' , serif; font-size: 40px; line-height: 48px;\">S\u00e1bado 13.02 rola a festa\u00a0Girl Gang em Curitiba<\/span><\/p>\n<div class=\"_39k2\" style=\"background-color: white; color: #141823; font-family: helvetica, arial, sans-serif; font-size: 12px; line-height: 16.08px; margin: 0px auto; padding: 40px 0px; position: relative;\">\n<div class=\"_2yud clearfix\" style=\"margin: 0px auto; width: 700px; zoom: 1;\">\n<div class=\"_3uhg\" style=\"color: #9197a3; float: left; margin: 4px 0px 0px 4px; text-transform: uppercase; text-align: center;\"><span style=\"line-height: 16.08px;\">POR\u00a0<\/span><a class=\"_2yug\" style=\"color: #9197a3; cursor: pointer; line-height: 16.08px; text-decoration: none; white-space: nowrap;\" href=\"https:\/\/www.facebook.com\/nazen.carneiro\" target=\"_blank\" data-hovercard=\"\/ajax\/hovercard\/user.php?id=644951351\">NAZEN CARNEIRO<\/a><span class=\"_4_mg\" style=\"line-height: 16.08px; padding: 0px 6px;\">\u00b7<\/span><a class=\"_39g5\" style=\"color: #9197a3; cursor: pointer; line-height: 16.08px; text-decoration: none;\" href=\"https:\/\/www.facebook.com\/notes\/nazen-carneiro\/garotas-no-comando\/1010731302309872\">TER\u00c7A FEIRA, 9 DE FEVEREIRO DE 2016<\/a><\/div>\n<div class=\"_3uhg\" style=\"color: #9197a3; float: left; margin: 4px 0px 0px 4px; text-transform: uppercase; text-align: center;\"><\/div>\n<div class=\"_3uhg\" style=\"color: #9197a3; float: left; margin: 4px 0px 0px 4px; text-transform: uppercase; text-align: center;\"><\/div>\n<\/div>\n<\/div>\n<div class=\"_39k5\" style=\"-webkit-font-smoothing: antialiased; background-color: white; color: #141823; font-family: Georgia, serif; font-size: 17px; line-height: 28px; overflow: hidden; padding-bottom: 60px; position: relative;\">\n<div class=\"_2cuy _3dgx _2vxa\" style=\"box-sizing: border-box; direction: ltr; margin: 0px auto 28px; white-space: pre-wrap; width: 700px; word-wrap: break-word;\">\u00c9 um fen\u00f4meno natural, e internacional. No mundo todo, cada vez mais as pistas de dan\u00e7a s\u00e3o comandadas por DJs mulheres, carinhosamente chamadas de DJanes. No Brasil s\u00e3o in\u00fameras as artistas de qualidade e Curitiba, claro, n\u00e3o est\u00e1 de fora como mostra o evento <a class=\"_2u0z\" style=\"color: #3b5998; cursor: pointer; text-decoration: none;\" href=\"https:\/\/www.facebook.com\/girlgang.curitiba\/\" data-hovercard=\"\/ajax\/hovercard\/page.php?id=1566713970242884\">Girl Gang<\/a>.<\/div>\n<div class=\"separator\" style=\"clear: both; text-align: center;\"><a style=\"margin-left: 1em; margin-right: 1em;\" href=\"https:\/\/2.bp.blogspot.com\/-K2F_cr-wNpc\/VrqK8CC_DhI\/AAAAAAAABL0\/Ew_AVARhH2I\/s1600\/THAY%2BAZEVEDO%2B-%2BDJ%2BGIRL%2BGANG.jpg\"><img loading=\"lazy\" decoding=\"async\" title=\"A Djane Thay Azevedo\/ Trendbeats SP, atra\u00e7\u00e3o in\u00e9dita da Girl Gang.\" src=\"https:\/\/2.bp.blogspot.com\/-K2F_cr-wNpc\/VrqK8CC_DhI\/AAAAAAAABL0\/Ew_AVARhH2I\/s640\/THAY%2BAZEVEDO%2B-%2BDJ%2BGIRL%2BGANG.jpg\" alt=\"A Djane Thay Azevedo\/ Trendbeats SP, atra\u00e7\u00e3o in\u00e9dita da Girl Gang.\" width=\"426\" height=\"640\" border=\"0\" \/><\/a><\/div>\n<div class=\"_2cuy _3dgx _2vxa\" style=\"box-sizing: border-box; direction: ltr; margin: 0px auto 28px; white-space: pre-wrap; width: 700px; word-wrap: break-word;\"><\/div>\n<div class=\"_2cuy _3dgx _2vxa\" style=\"box-sizing: border-box; direction: ltr; margin: 0px auto 28px; white-space: pre-wrap; width: 700px; word-wrap: break-word;\">\n<p>Indo al\u00e9m da m\u00fasica, a <a style=\"color: #3b5998; cursor: pointer; text-decoration: none;\" href=\"https:\/\/www.facebook.com\/girlgang.curitiba\/\">Girl Gang<\/a> tem uma pegada cultural, mesclando diversas formas de express\u00e3o art\u00edstica, como na exposi\u00e7\u00e3o de <a style=\"color: #3b5998; cursor: pointer; text-decoration: none;\" href=\"https:\/\/www.facebook.com\/msilvanass\">Mar\u00edlia Nass<\/a> abordando Fotografia e Ilustra\u00e7\u00f5es, al\u00e9m de outras interven\u00e7\u00f5es. O \u201caquece\u201d da festa acontece no programa <a style=\"color: #3b5998; cursor: pointer; text-decoration: none;\" href=\"https:\/\/www.facebook.com\/danceparadise\/\">Dance Paradise<\/a> desta quinta, 11.02, na <a style=\"color: #3b5998; cursor: pointer; text-decoration: none;\" href=\"https:\/\/www.facebook.com\/pages\/Jovem-Pan-FM-Curitiba\/230971260251631\">Jovem Pan FM Curitiba<\/a> as 22h. Al\u00e9m disto a <a style=\"color: #3b5998; cursor: pointer; text-decoration: none;\" href=\"https:\/\/www.facebook.com\/RadioTrezeWeb\/\">Radio Treze<\/a> transmitir\u00e1 o set de <a style=\"color: #3b5998; cursor: pointer; text-decoration: none;\" href=\"https:\/\/www.facebook.com\/profile.php?id=100001394975681\">Bruna Busch<\/a> na quinta e s\u00e1bado, ambos as 20h.O local escolhido para a festa \u00e9 reduto de diversas tribos, num im\u00f3vel hist\u00f3rico, bem no centro da capital e um dos pioneiros na m\u00fasica eletr\u00f4nica na regi\u00e3o. O <a style=\"color: #3b5998; cursor: pointer; text-decoration: none;\" href=\"https:\/\/www.facebook.com\/bardaproducao\/\">Bar da Produ\u00e7\u00e3o<\/a> fica na Rua Trajano Reis, 335.<\/p>\n<\/div>\n<div class=\"_2cuy _3dgx _2vxa\" style=\"box-sizing: border-box; direction: ltr; margin: 0px auto 28px; white-space: pre-wrap; width: 700px; word-wrap: break-word;\"><span class=\"_5yi-\" style=\"font-weight: bold;\">Servi\u00e7o<\/span>:<br \/>\nLocal: <a style=\"color: #3b5998; cursor: pointer; text-decoration: none;\" href=\"https:\/\/www.facebook.com\/bardaproducao\/\">Bar da Produ\u00e7\u00e3o<\/a>, Rua Trajano Reis, 335.<br \/>\nAtra\u00e7\u00f5es: Festa Girl Gang convida as Djanes <a style=\"color: #3b5998; cursor: pointer; text-decoration: none;\" href=\"https:\/\/www.facebook.com\/thayazevedoofficial\/\">Thay Azevedo<\/a>, <a style=\"color: #3b5998; cursor: pointer; text-decoration: none;\" href=\"https:\/\/www.facebook.com\/susanaamarcusso\">Susana Marcusso<\/a><br \/>\n<a style=\"color: #3b5998; cursor: pointer; text-decoration: none;\" href=\"https:\/\/www.facebook.com\/profile.php?id=100001394975681\">Bruna Busch<\/a> e <a style=\"color: #3b5998; cursor: pointer; text-decoration: none;\" href=\"https:\/\/www.facebook.com\/Ste-Fraz%C3%A3o-1122357137775883\/\">Ste Fraz\u00e3o<\/a>.<br \/>\nDetalhes: <a style=\"color: #3b5998; cursor: pointer; text-decoration: none;\" href=\"http:\/\/facebook.com\/events\/1545464739113705\">Acesse Evento<\/a><br \/>\nConhe\u00e7a: <a style=\"color: #3b5998; cursor: pointer; text-decoration: none;\" href=\"http:\/\/www.facebook.com\/girlgang.curitiba\">facebook.com\/girlgang.curitiba<\/a><\/div>\n<div class=\"_2cuy _3dgx _2vxa\" style=\"box-sizing: border-box; direction: ltr; margin: 0px auto 28px; white-space: pre-wrap; width: 700px; word-wrap: break-word; text-align: center;\">Confira alguns sets das DJaneas convidadas para a terceira edi\u00e7\u00e3o do evento <a style=\"color: #3b5998; cursor: pointer; text-decoration: none;\" href=\"https:\/\/www.facebook.com\/girlgang.curitiba\/\">Girl Gang<\/a><\/div>\n<div class=\"_2cuy _3dgx _2vxa\" style=\"box-sizing: border-box; direction: ltr; margin: 0px auto 28px; white-space: pre-wrap; width: 700px; word-wrap: break-word; text-align: center;\"><iframe loading=\"lazy\" src=\"https:\/\/w.soundcloud.com\/player\/?url=https%3A\/\/api.soundcloud.com\/tracks\/222934451&amp;color=ff5500&amp;auto_play=false&amp;hide_related=false&amp;show_comments=true&amp;show_user=true&amp;show_reposts=false\" width=\"100%\" height=\"166\" frameborder=\"no\" scrolling=\"no\"><\/iframe><\/div>\n<div class=\"_2cuy _3dgx _2vxa\" style=\"box-sizing: border-box; direction: ltr; margin: 0px auto 28px; white-space: pre-wrap; width: 700px; word-wrap: break-word; text-align: center;\"><iframe loading=\"lazy\" src=\"https:\/\/w.soundcloud.com\/player\/?url=https%3A\/\/api.soundcloud.com\/tracks\/238123500&amp;color=ff5500&amp;auto_play=false&amp;hide_related=false&amp;show_comments=true&amp;show_user=true&amp;show_reposts=false\" width=\"100%\" height=\"166\" frameborder=\"no\" scrolling=\"no\"><\/iframe><\/div>\n<div class=\"_2cuy _3dgx _2vxa\" style=\"box-sizing: border-box; direction: ltr; margin: 0px auto 28px; white-space: pre-wrap; width: 700px; word-wrap: break-word;\"><iframe loading=\"lazy\" src=\"https:\/\/w.soundcloud.com\/player\/?url=https%3A\/\/api.soundcloud.com\/tracks\/245964532&amp;color=ff5500&amp;auto_play=false&amp;hide_related=false&amp;show_comments=true&amp;show_user=true&amp;show_reposts=false\" width=\"100%\" height=\"166\" frameborder=\"no\" scrolling=\"no\"><\/iframe><\/p>\n<p style=\"text-align: center;\"><iframe loading=\"lazy\" src=\"https:\/\/w.soundcloud.com\/player\/?url=https%3A\/\/api.soundcloud.com\/tracks\/190478597&amp;color=ff5500&amp;auto_play=false&amp;hide_related=false&amp;show_comments=true&amp;show_user=true&amp;show_reposts=false\" width=\"100%\" height=\"166\" frameborder=\"no\" scrolling=\"no\"><\/iframe><\/p>\n<div class=\"separator\" style=\"clear: both; text-align: center;\"><a style=\"margin-left: 1em; margin-right: 1em;\" href=\"https:\/\/4.bp.blogspot.com\/-URWqnaHQMKU\/VrqSZOrx6eI\/AAAAAAAABME\/ULOpSgsPZzA\/s1600\/GIRL%2BGANG%2B-%2B003%2B-%2BCARTAZ.jpg\"><img loading=\"lazy\" decoding=\"async\" src=\"https:\/\/4.bp.blogspot.com\/-URWqnaHQMKU\/VrqSZOrx6eI\/AAAAAAAABME\/ULOpSgsPZzA\/s640\/GIRL%2BGANG%2B-%2B003%2B-%2BCARTAZ.jpg\" width=\"452\" height=\"640\" border=\"0\" \/><\/a><\/div>\n<p>&nbsp;<\/p>\n<\/div>\n<\/div>\n","protected":false},"excerpt":{"rendered":"<p>S\u00e1bado 13.02 rola a festa\u00a0Girl Gang em Curitiba POR\u00a0NAZEN CARNEIRO\u00b7TER\u00c7A FEIRA, 9 DE FEVEREIRO DE 2016 \u00c9 um fen\u00f4meno natural, e internacional. No mundo todo, cada vez mais as pistas de dan\u00e7a s\u00e3o comandadas por DJs mulheres, carinhosamente chamadas de DJanes. No Brasil s\u00e3o in\u00fameras as artistas de qualidade e Curitiba, claro, n\u00e3o est\u00e1 de [&hellip;]<\/p>\n","protected":false},"author":2,"featured_media":72,"comment_status":"closed","ping_status":"open","sticky":false,"template":"","format":"standard","meta":{"footnotes":""},"categories":[2],"tags":[],"class_list":["post-66","post","type-post","status-publish","format-standard","has-post-thumbnail","hentry","category-news"],"jetpack_featured_media_url":"https:\/\/www.tudobeats.com.br\/home\/wp-content\/uploads\/2016\/08\/THAY-AZEVEDO-DJ-GIRL-GANG-e1472528619986.jpg","_links":{"self":[{"href":"https:\/\/www.tudobeats.com.br\/home\/wp-json\/wp\/v2\/posts\/66","targetHints":{"allow":["GET"]}}],"collection":[{"href":"https:\/\/www.tudobeats.com.br\/home\/wp-json\/wp\/v2\/posts"}],"about":[{"href":"https:\/\/www.tudobeats.com.br\/home\/wp-json\/wp\/v2\/types\/post"}],"author":[{"embeddable":true,"href":"https:\/\/www.tudobeats.com.br\/home\/wp-json\/wp\/v2\/users\/2"}],"replies":[{"embeddable":true,"href":"https:\/\/www.tudobeats.com.br\/home\/wp-json\/wp\/v2\/comments?post=66"}],"version-history":[{"count":3,"href":"https:\/\/www.tudobeats.com.br\/home\/wp-json\/wp\/v2\/posts\/66\/revisions"}],"predecessor-version":[{"id":77,"href":"https:\/\/www.tudobeats.com.br\/home\/wp-json\/wp\/v2\/posts\/66\/revisions\/77"}],"wp:featuredmedia":[{"embeddable":true,"href":"https:\/\/www.tudobeats.com.br\/home\/wp-json\/wp\/v2\/media\/72"}],"wp:attachment":[{"href":"https:\/\/www.tudobeats.com.br\/home\/wp-json\/wp\/v2\/media?parent=66"}],"wp:term":[{"taxonomy":"category","embeddable":true,"href":"https:\/\/www.tudobeats.com.br\/home\/wp-json\/wp\/v2\/categories?post=66"},{"taxonomy":"post_tag","embeddable":true,"href":"https:\/\/www.tudobeats.com.br\/home\/wp-json\/wp\/v2\/tags?post=66"}],"curies":[{"name":"wp","href":"https:\/\/api.w.org\/{rel}","templated":true}]}}