{"id":6584,"date":"2021-09-20T13:27:32","date_gmt":"2021-09-20T16:27:32","guid":{"rendered":"https:\/\/www.tudobeats.com.br\/home\/?p=6584"},"modified":"2021-09-20T13:27:35","modified_gmt":"2021-09-20T16:27:35","slug":"maior-escola-de-djs-do-brasil-inaugura-sede-na-barra-da-tijuca","status":"publish","type":"post","link":"https:\/\/www.tudobeats.com.br\/home\/maior-escola-de-djs-do-brasil-inaugura-sede-na-barra-da-tijuca\/","title":{"rendered":"Maior Escola de DJs do Brasil Inaugura Sede na Barra da Tijuca"},"content":{"rendered":"\n<p class=\"has-text-align-center\"><em>Downtown recebe a AIMEC, escola para DJs, produtores musicais e uma ampla gama de cursos voltados a profissionaliza\u00e7\u00e3o da ind\u00fastria de eventos do Rio de Janeiro.<\/em><\/p>\n\n\n\n<p class=\"has-text-align-center\">.<\/p>\n\n\n\n<div class=\"wp-block-image\"><figure class=\"aligncenter size-large\"><img loading=\"lazy\" decoding=\"async\" width=\"1024\" height=\"694\" src=\"https:\/\/www.tudobeats.com.br\/home\/wp-content\/uploads\/2021\/09\/NZPR-AIMEC-RJ-21-08-_-Socios-em-frente-a-sede.-Foto-Mauricio-DAmico-Horta-Barbosa-5-1024x694.jpg\" alt=\"\" class=\"wp-image-6586\" srcset=\"https:\/\/www.tudobeats.com.br\/home\/wp-content\/uploads\/2021\/09\/NZPR-AIMEC-RJ-21-08-_-Socios-em-frente-a-sede.-Foto-Mauricio-DAmico-Horta-Barbosa-5-1024x694.jpg 1024w, https:\/\/www.tudobeats.com.br\/home\/wp-content\/uploads\/2021\/09\/NZPR-AIMEC-RJ-21-08-_-Socios-em-frente-a-sede.-Foto-Mauricio-DAmico-Horta-Barbosa-5-300x203.jpg 300w, https:\/\/www.tudobeats.com.br\/home\/wp-content\/uploads\/2021\/09\/NZPR-AIMEC-RJ-21-08-_-Socios-em-frente-a-sede.-Foto-Mauricio-DAmico-Horta-Barbosa-5-768x521.jpg 768w, https:\/\/www.tudobeats.com.br\/home\/wp-content\/uploads\/2021\/09\/NZPR-AIMEC-RJ-21-08-_-Socios-em-frente-a-sede.-Foto-Mauricio-DAmico-Horta-Barbosa-5.jpg 1280w\" sizes=\"auto, (max-width: 1024px) 100vw, 1024px\" \/><figcaption>Downtown, 213 &#8211; S\u00f3cios Cleber Junior, Rafael Nazareth e Raphael Porto em frente a sede. Foto Mauricio D&#8217;Amico Horta Barbosa<\/figcaption><\/figure><\/div>\n\n\n\n<p class=\"has-text-align-center\">.<\/p>\n\n\n\n<p>Contribuir para a profissionaliza\u00e7\u00e3o e expans\u00e3o da cena eletr\u00f4nica e ser escola refer\u00eancia em ensino tanto da t\u00e9cnica da discotecagem e produ\u00e7\u00e3o musical, quanto do entorno que sustenta esta ind\u00fastria.<\/p>\n\n\n\n<p>Estes s\u00e3o os objetivos da Academia Internacional de M\u00fasica Eletr\u00f4nica, AIMEC, que agora inaugura sede no Rio de Janeiro. Com 17 anos de opera\u00e7\u00e3o e sedes em oito cidades do Brasil e uma em Lisboa, Portugal, a AIMEC \u00e9 consolidada a principal escola voltada a m\u00fasica eletr\u00f4nica em l\u00edngua portuguesa.<\/p>\n\n\n\n<p>A AIMEC conta com apoio de grandes marcas como Pioneer e foi pioneira em sala de pr\u00e1tica com um setup por aluno, sempre com o equipamento de ponta. Para a teoria e a pr\u00e1tica, professores altamente especializados trabalham com material did\u00e1tico multim\u00eddia e interativo. Al\u00e9m disso s\u00e3o oferecidos cursos de extens\u00e3o online (EAD) e existem competi\u00e7\u00f5es e duelos de DJ, palestras e workshops com profissionais de alta relev\u00e2ncia no mercado de entretenimento no Rio de Janeiro e no Brasil.<\/p>\n\n\n\n<p>Os donos da <a href=\"https:\/\/api.whatsapp.com\/send?phone=+5521995129900\">AIMEC Rio de Janeiro<\/a> s\u00e3o profissionais altamente envolvidos nos maiores palcos do Rio de Janeiro e isto ter\u00e1 grande impacto nos cursos da escola, como conta um dos s\u00f3cios, Raphael Porto:<\/p>\n\n\n\n<blockquote class=\"wp-block-quote is-layout-flow wp-block-quote-is-layout-flow\"><p>&#8220;<em>Nossa inten\u00e7\u00e3o \u00e9 sempre colocar os melhores da AIMEC nos nossos eventos, estamos confiantes que diversos talentos surgir\u00e3o daqui<\/em>&#8220;.<\/p><cite>Raphael Porto &#8211; S\u00f3cio da <a href=\"https:\/\/api.whatsapp.com\/send?phone=+5521995129900\">AIMEC Rio de Janeiro<\/a><\/cite><\/blockquote>\n\n\n\n<p class=\"has-text-align-center\">.<\/p>\n\n\n\n<figure class=\"wp-block-image size-large\"><img loading=\"lazy\" decoding=\"async\" width=\"1024\" height=\"682\" src=\"https:\/\/www.tudobeats.com.br\/home\/wp-content\/uploads\/2021\/09\/NZPR-AIMEC-RJ-21-08-_-RAFAEL-NAZARETH-no-Tomorrowland-2016-e-seu-projeto-NAZA-Brothers-1024x682.jpg\" alt=\"\" class=\"wp-image-6585\" srcset=\"https:\/\/www.tudobeats.com.br\/home\/wp-content\/uploads\/2021\/09\/NZPR-AIMEC-RJ-21-08-_-RAFAEL-NAZARETH-no-Tomorrowland-2016-e-seu-projeto-NAZA-Brothers-1024x682.jpg 1024w, https:\/\/www.tudobeats.com.br\/home\/wp-content\/uploads\/2021\/09\/NZPR-AIMEC-RJ-21-08-_-RAFAEL-NAZARETH-no-Tomorrowland-2016-e-seu-projeto-NAZA-Brothers-300x200.jpg 300w, https:\/\/www.tudobeats.com.br\/home\/wp-content\/uploads\/2021\/09\/NZPR-AIMEC-RJ-21-08-_-RAFAEL-NAZARETH-no-Tomorrowland-2016-e-seu-projeto-NAZA-Brothers-768x512.jpg 768w, https:\/\/www.tudobeats.com.br\/home\/wp-content\/uploads\/2021\/09\/NZPR-AIMEC-RJ-21-08-_-RAFAEL-NAZARETH-no-Tomorrowland-2016-e-seu-projeto-NAZA-Brothers.jpg 1280w\" sizes=\"auto, (max-width: 1024px) 100vw, 1024px\" \/><figcaption>Rafael Nazareth &#8211; s\u00f3cio da AIMEC Rio de Janeiro &#8211; tocando no Tomorrowland com seu projeto NAZA Brothers. Divulga\u00e7\u00e3o\/2016<\/figcaption><\/figure>\n\n\n\n<p class=\"has-text-align-center\">.<\/p>\n\n\n\n<p>Vamos falar um pouco sobre os s\u00f3cios da <a href=\"https:\/\/api.whatsapp.com\/send?phone=+5521995129900\">AIMEC Rio de Janeiro<\/a> que s\u00e3o os respons\u00e1veis por esta proposta inovadora no Rio de Janeiro e atrav\u00e9s dos seus perfis profissionais tem muito a contribuir com a carreira dos futuros profissionais da m\u00fasica eletr\u00f4nica no Rio de Janeiro.<\/p>\n\n\n\n<p>Cleber Junior, Rafael Nazareth e Raphael Porto s\u00e3o os empres\u00e1rios por tr\u00e1s da <a href=\"https:\/\/api.whatsapp.com\/send?phone=+5521995129900\">AIMEC Rio de Janeiro.<\/a> Rafael Nazareth \u00e9 DJ produtor musical &#8211; formado pela AIMEC &#8211; com longa hist\u00f3ria ligada a m\u00fasica eletr\u00f4nica. Dono da ag\u00eancia de eventos Rio Special Sauce e do site de m\u00fasica &#8216;O Ritmo&#8217;, Rafael j\u00e1 tocou em alguns dos grandes palcos do planeta.<\/p>\n\n\n\n<p>De Tomorrowland na B\u00e9lgica at\u00e9 o Club Papaya na Cro\u00e1cia, o ent\u00e3o artista da Som Livre, Rafael Nazareth sempre esteve nos principais line ups e dividiu palco com ningu\u00e9m menos que David Guetta e Avicii entre outras lendas desse Universo. Quando pergundado sobre a <a href=\"https:\/\/api.whatsapp.com\/send?phone=+5521995129900\">AIMEC Rio de Janeiro<\/a>, Rafael declara que:\u00a0<\/p>\n\n\n\n<p class=\"has-text-align-center\">.<\/p>\n\n\n\n<blockquote class=\"wp-block-quote is-layout-flow wp-block-quote-is-layout-flow\"><p><em>&#8220;Passar a nossa experi\u00eancia com a melhor qualidade de ensino dispon\u00edvel no mercado para mudar a vida das pessoas, realizando seu sonho de construir uma carreira s\u00f3lida e poder viver de m\u00fasica \u00e9 o nosso objetivo.&#8221;<\/em><\/p><cite>Rafael Nazareth<\/cite><\/blockquote>\n\n\n\n<p>.<\/p>\n\n\n\n<p>Para agregar nesta proposta uniram-se com Rafael Nazareth, os s\u00f3cios da ag\u00eancia <strong><a href=\"https:\/\/api.whatsapp.com\/send?phone=+5521995129900\">Sommar <\/a><\/strong>&#8211; proeminentes empreendedores culturais de Niter\u00f3i, radicados no Rio de Janeiro, <strong><a href=\"https:\/\/api.whatsapp.com\/send?phone=+5521995129900\">Cleber Junior e Raphael Porto<\/a> <\/strong>&#8211; respons\u00e1vel pelas marcas <strong><a href=\"https:\/\/api.whatsapp.com\/send?phone=+5521995129900\">Deep Please<\/a><\/strong> &#8211; uma das maiores festas de m\u00fasica eletr\u00f4nica do Rio de Janeiro <em>&#8211; R<strong>ep Festival, projeto Social Seja Luz,\u00a0 Rio Delas Sport Festival, Meu Black, Festa Mystic, Deep Please Store, GUILC, Bloco AME, Rio Me, House Boutique, P12 (tour), Duna<\/strong> <\/em>e mais.<\/p>\n\n\n\n<p>O perfil de <a href=\"https:\/\/api.whatsapp.com\/send?phone=+5521995129900\">Cleber Junior<\/a> \u00e9 de um apaixonado por m\u00fasica que descobriu que sabia produzir eventos tentando. Depois de anos estudando administra\u00e7\u00e3o e outras \u00e1reas, resolveu dedicar-se ao que fazia de melhor: produzir eventos e promov\u00ea-los com efici\u00eancia.<\/p>\n\n\n\n<p>A frente do seu tempo, quinze anos atr\u00e1s Cleber j\u00e1 criava campanhas criativas e <em>fora da caixa<\/em> que sempre buscaram fugir do&nbsp; &#8216;tradicional&#8217;. Cleber Junior conta que:&nbsp;<\/p>\n\n\n\n<blockquote class=\"wp-block-quote is-layout-flow wp-block-quote-is-layout-flow\"><p>&#8220;<em>fui <a href=\"https:\/\/api.whatsapp.com\/send?phone=+5521995129900\">desafiado pelo meu s\u00f3cio Raphael Porto <\/a>a assumir as campanhas dos nossos eventos pr\u00f3prios e assim nasceu a agencia Sommar que hoje \u00e9 responsavel pelo Marketing Digital n\u00e3o somente de todas as marcas citadas acima, mas tambpem de artistas e outras produtoras de evento pelo Brasil.&#8221;<\/em><\/p><cite>Cleber J\u00fanior, socio da <a href=\"https:\/\/api.whatsapp.com\/send?phone=+5521995129900\">AIMEC Rio de Janeiro<\/a><\/cite><\/blockquote>\n\n\n\n<p>Quando perguntado sobre a <a href=\"https:\/\/api.whatsapp.com\/send?phone=+5521995129900\">AIMEC Rio de Janeiro<\/a> Cleber Junior \u00e9 enf\u00e1tico:<\/p>\n\n\n\n<blockquote class=\"wp-block-quote is-layout-flow wp-block-quote-is-layout-flow\"><p><em>&#8221; O que mais me desafia no projeto <a href=\"https:\/\/api.whatsapp.com\/send?phone=+5521995129900\">AIMEC Rio de Janeiro<\/a> \u00e9 formar DJs e produtores musicais de excel\u00eancia, construir uma comunidade de profissionais da m\u00fasica&#8221; <\/em>e completa<em>: &#8220;A <a href=\"https:\/\/api.whatsapp.com\/send?phone=+5521995129900\">AIMEC Rio de Janeiro \u00e9 o lar para todos aqueles que querem se envolver no universo da m\u00fasica.<\/a> Aqui vamos profissionalizar de gerente de palco \u00e0 produtor cenogr\u00e1fico, agente de bookings e management art\u00edstico. Para o DJ brilhar l\u00e1 na frente, existe toda uma gama de profissionais que tem que desempenhar seu papel. Vamos dar oportunidade para os destaques estarem nos principais palcos do mercado carioca al\u00e9m de fomentar o desenvolvimento de profissionais nas \u00e1reas t\u00e9cnicas que englobam nossa atua\u00e7\u00e3o.<\/em>&#8220;<\/p><\/blockquote>\n\n\n\n<p>Raphael Porto&nbsp; &#8211; ou Tamandar\u00e9 como \u00e9 conhecido no meior art\u00edstico &#8211; \u00e9 um dos principais fomentadores da cena eletr\u00f4nica do estado do Rio de Janeiro h\u00e1 muitos anos. Publicit\u00e1rio pela Est\u00e1cio de S\u00e1, \u00e9 respons\u00e1vel por eventos em diversas cidades como Niter\u00f3i, Rio, B\u00fazios entre v\u00e1rias outras.<\/p>\n\n\n\n<p>Envolvido na cena desde os 15 anos, <a href=\"https:\/\/api.whatsapp.com\/send?phone=+5521995129900\">Raphael Porto<\/a> vive a m\u00fascia e n\u00e3o mede esfor\u00e7os. De empreendedor e dono de ag\u00eancia em Niter\u00f3i,\u00a0 passou a outro patamar no Rio de Janeiro ao contribuir para consolidar grandes Marcas de alcance nacional como a Rio ME e posteriormente a Deep Please, REP Festival e Bloco AME. Atualmente \u00e9 s\u00f3cio diretor do grupo <a href=\"https:\/\/api.whatsapp.com\/send?phone=+5521995129900\">SOMMAR <\/a>que atua nos nos segmentos de marketing digital, produ\u00e7\u00e3o de eventos de entretenimento e esportivo al\u00e9m de artist management respons\u00e1vel pela carreira do prod\u00edgio carioca GUILC, h\u00e1 tr\u00eas anos. Sobre trazer tudo isso para a <a href=\"https:\/\/api.whatsapp.com\/send?phone=+5521995129900\">AIMEC Rio de Janeiro<\/a> Raphael Porto declara que:<\/p>\n\n\n\n<p><em>&#8220;A miss\u00e3o da <a href=\"https:\/\/api.whatsapp.com\/send?phone=+5521995129900\">AIMEC Rio de Janeiro<\/a> \u00e9 posicionar o Rio de Janeiro como maior polo de desenvolvimento para DJs e produtores musicais do Brasil, al\u00e9m de agregar valor e gerar conhecimento para a nossa comunidade atrav\u00e9s da excel\u00eancia e capacita\u00e7\u00e3o do nosso time. Dar oportunidade para os integrantes da nossa comunidade estarem nos principais palcos do mercado carioca al\u00e9m de fomentar o desenvolvimento de profissionais nas \u00e1reas t\u00e9cnicas que englobam nossa atua\u00e7\u00e3o&#8221;.<\/em><\/p>\n\n\n\n<p>Para fechar essa entrevista fant\u00e1stica com esses empreendedores que pretendem trazer a cena eletr\u00f4nica no Rio, Raphael conclui<em>:<\/em><\/p>\n\n\n\n<p><em>&#8220;Acompanho de perto a cena e o mercado da m\u00fasica eletr\u00f4nica h\u00e1 mais de 20 anos com total skin in the game, acredito que vamos entrar agora no maior ciclo de crescimento da hist\u00f3ria do nosso mercado. Daqui a cinco anos vejo os artistas cariocas atuando de forma majorit\u00e1ria na cidade e com maior presen\u00e7a no cen\u00e1rio nacional e internacional.&#8221;<\/em><\/p>\n\n\n\n<p>A <a href=\"https:\/\/api.whatsapp.com\/send?phone=+5521995129900\">AIMEC Rio de Janeiro<\/a> abriu suas portas no Shopping Downtown, Av. das Am\u00e9ricas, 500, na Barra da Tijuca, Rio de Janeiro, dia 01 de Setembro com um dia inteiro de aulas abertas e gratuitas ao p\u00fablico. <strong>As matr\u00edculas est\u00e3o abertas para os cursos de DJ, produ\u00e7\u00e3o musical e Rekordbox DJ com in\u00edcio em setembro de 2021 aqui. ( pelo link: ) Saiba tudo sobre a <a href=\"https:\/\/api.whatsapp.com\/send?phone=+5521995129900\">AIMEC Rio de Janeiro <\/a>aqui:<\/strong><\/p>\n\n\n\n<figure class=\"wp-block-embed is-type-wp-embed is-provider-aimec wp-block-embed-aimec\"><div class=\"wp-block-embed__wrapper\">\n<div class=\"video-container\"><blockquote class=\"wp-embedded-content\" data-secret=\"8sIpVDIyVU\"><a href=\"https:\/\/www.aimec.com.br\/localizacoes\/rio-de-janeiro\/\">Rio de Janeiro<\/a><\/blockquote><iframe loading=\"lazy\" class=\"wp-embedded-content\" sandbox=\"allow-scripts\" security=\"restricted\" style=\"position: absolute; clip: rect(1px, 1px, 1px, 1px);\" title=\"&#8220;Rio de Janeiro&#8221; &#8212; AIMEC\" src=\"https:\/\/www.aimec.com.br\/localizacoes\/rio-de-janeiro\/embed\/#?secret=8sIpVDIyVU\" data-secret=\"8sIpVDIyVU\" width=\"600\" height=\"338\" frameborder=\"0\" marginwidth=\"0\" marginheight=\"0\" scrolling=\"no\"><\/iframe><\/div>\n<\/div><\/figure>\n\n\n\n<p>.<\/p>\n\n\n\n<p class=\"has-text-align-center\"><em>&#8220;A cultura eletr\u00f4nica e o mundo do entretenimento vistos atrav\u00e9s de artigos, mat\u00e9rias e entrevistas com artistas, produtores e diversos profissionais chave do Brasil e do Mundo.&#8221;<\/em><\/p>\n\n\n\n<p class=\"has-text-align-center\">.<\/p>\n\n\n\n<p class=\"has-text-align-center\"><a href=\"http:\/\/www.facebook.com\/nzpr1\"><strong>TUDOBEATS \u00e9 uma marca da NZPR.<\/strong><\/a><\/p>\n\n\n\n<p class=\"has-text-align-center\">.<\/p>\n\n\n\n<div class=\"wp-block-image\"><figure class=\"aligncenter\"><a href=\"http:\/\/www.instagram.com\/nzpr1\"><img loading=\"lazy\" decoding=\"async\" width=\"200\" height=\"200\" src=\"http:\/\/www.tudobeats.com.br\/home\/wp-content\/uploads\/2016\/08\/12645039_1663208213934233_8866916721587399103_n.jpg\" alt=\"\" class=\"wp-image-3151\" srcset=\"https:\/\/www.tudobeats.com.br\/home\/wp-content\/uploads\/2016\/08\/12645039_1663208213934233_8866916721587399103_n.jpg 200w, https:\/\/www.tudobeats.com.br\/home\/wp-content\/uploads\/2016\/08\/12645039_1663208213934233_8866916721587399103_n-150x150.jpg 150w, https:\/\/www.tudobeats.com.br\/home\/wp-content\/uploads\/2016\/08\/12645039_1663208213934233_8866916721587399103_n-80x80.jpg 80w\" sizes=\"auto, (max-width: 200px) 100vw, 200px\" \/><\/a><\/figure><\/div>\n\n\n\n<p class=\"has-text-align-center\">Rela\u00e7\u00f5es P\u00fablicas para a Ind\u00fastria do Entretenimento<\/p>\n","protected":false},"excerpt":{"rendered":"<p>Downtown recebe a AIMEC, escola para DJs, produtores musicais e uma ampla gama de cursos voltados a profissionaliza\u00e7\u00e3o da ind\u00fastria de eventos do Rio de Janeiro. . . Contribuir para a profissionaliza\u00e7\u00e3o e expans\u00e3o da cena eletr\u00f4nica e ser escola refer\u00eancia em ensino tanto da t\u00e9cnica da discotecagem e produ\u00e7\u00e3o musical, quanto do entorno que [&hellip;]<\/p>\n","protected":false},"author":2,"featured_media":6586,"comment_status":"closed","ping_status":"open","sticky":false,"template":"","format":"aside","meta":{"footnotes":""},"categories":[2978],"tags":[379,2919,386,462,20,2977,16],"class_list":["post-6584","post","type-post","status-publish","format-aside","has-post-thumbnail","hentry","category-educacao","tag-aimec","tag-destaque","tag-discotecagem","tag-dj","tag-nzpr","tag-producao-musical","tag-tudobeats","post_format-post-format-aside"],"jetpack_featured_media_url":"https:\/\/www.tudobeats.com.br\/home\/wp-content\/uploads\/2021\/09\/NZPR-AIMEC-RJ-21-08-_-Socios-em-frente-a-sede.-Foto-Mauricio-DAmico-Horta-Barbosa-5.jpg","_links":{"self":[{"href":"https:\/\/www.tudobeats.com.br\/home\/wp-json\/wp\/v2\/posts\/6584","targetHints":{"allow":["GET"]}}],"collection":[{"href":"https:\/\/www.tudobeats.com.br\/home\/wp-json\/wp\/v2\/posts"}],"about":[{"href":"https:\/\/www.tudobeats.com.br\/home\/wp-json\/wp\/v2\/types\/post"}],"author":[{"embeddable":true,"href":"https:\/\/www.tudobeats.com.br\/home\/wp-json\/wp\/v2\/users\/2"}],"replies":[{"embeddable":true,"href":"https:\/\/www.tudobeats.com.br\/home\/wp-json\/wp\/v2\/comments?post=6584"}],"version-history":[{"count":1,"href":"https:\/\/www.tudobeats.com.br\/home\/wp-json\/wp\/v2\/posts\/6584\/revisions"}],"predecessor-version":[{"id":6587,"href":"https:\/\/www.tudobeats.com.br\/home\/wp-json\/wp\/v2\/posts\/6584\/revisions\/6587"}],"wp:featuredmedia":[{"embeddable":true,"href":"https:\/\/www.tudobeats.com.br\/home\/wp-json\/wp\/v2\/media\/6586"}],"wp:attachment":[{"href":"https:\/\/www.tudobeats.com.br\/home\/wp-json\/wp\/v2\/media?parent=6584"}],"wp:term":[{"taxonomy":"category","embeddable":true,"href":"https:\/\/www.tudobeats.com.br\/home\/wp-json\/wp\/v2\/categories?post=6584"},{"taxonomy":"post_tag","embeddable":true,"href":"https:\/\/www.tudobeats.com.br\/home\/wp-json\/wp\/v2\/tags?post=6584"}],"curies":[{"name":"wp","href":"https:\/\/api.w.org\/{rel}","templated":true}]}}