{"id":5876,"date":"2020-03-09T19:19:53","date_gmt":"2020-03-09T22:19:53","guid":{"rendered":"http:\/\/www.tudobeats.com.br\/home\/?p=5876"},"modified":"2020-03-09T19:33:17","modified_gmt":"2020-03-09T22:33:17","slug":"aimec-tera-acoes-beneficentes-para-o-dia-mundial-do-dj","status":"publish","type":"post","link":"https:\/\/www.tudobeats.com.br\/home\/aimec-tera-acoes-beneficentes-para-o-dia-mundial-do-dj\/","title":{"rendered":"AIMEC ter\u00e1 a\u00e7\u00f5es beneficentes para o Dia Mundial do DJ"},"content":{"rendered":"\n<p style=\"text-align:center\"><em>Veja a programa\u00e7\u00e3o das sedes de Campinas, Rio de Janeiro, Maring\u00e1, Balne\u00e1rio Cambori\u00fa e Curitiba<\/em><\/p>\n\n\n\n<p style=\"text-align:center\">\n\n.\n\n<\/p>\n\n\n\n<div class=\"wp-block-image\"><figure class=\"aligncenter\"><img decoding=\"async\" src=\"http:\/\/djmagbr.com\/wp-content\/uploads\/2020\/03\/87045298_1467766566731886_5380237684100825088_o-664x400.jpg\" alt=\"Dia Mundial do DJ com a\u00e7\u00f5es Beneficente nas AIMECs\"\/><\/figure><\/div>\n\n\n\n<p style=\"text-align:center\">.<\/p>\n\n\n\n<p>Nesta segunda-feira, 09 de mar\u00e7o, ser\u00e1 comemorado mais um&nbsp;<strong><a href=\"https:\/\/phouse.com.br\/tag\/dia-do-dj\">Dia Mundial do DJ<\/a><\/strong>, e a&nbsp;<strong><a href=\"https:\/\/phouse.com.br\/tag\/aimec\">AIMEC<\/a><\/strong>&nbsp;est\u00e1 preparando uma s\u00e9rie de eventos muito especiais e cheios de atividades, n\u00e3o s\u00f3 para comemorar a data como tamb\u00e9m para fazer sua parte ajudando institui\u00e7\u00f5es de caridade.<\/p>\n\n\n\n<p>O World DJ Day \u00e9 comemorado mundialmente desde 2002 e j\u00e1 se tornou uma data tradicional no calend\u00e1rio internacional. Como voc\u00ea j\u00e1 p\u00f4de&nbsp;<strong><a href=\"https:\/\/www.phouse.com.br\/doe-dance\/\" target=\"_blank\" rel=\"noreferrer noopener\">ler na Phouse em outras oportunidades<\/a><\/strong>, a ideia original surgiu com o objetivo de arrecadar recursos para ajudar institui\u00e7\u00f5es de caridade, mobilizando os DJs e suas comunidades para a\u00e7\u00f5es em car\u00e1ter beneficente.<\/p>\n\n\n\n<p>Dessa forma, a AIMEC tamb\u00e9m promover\u00e1 uma s\u00e9rie de eventos do tipo, em suas diversas sedes pelo Brasil.&nbsp; A programa\u00e7\u00e3o ser\u00e1 uma sequ\u00eancia de workshops realizados com a colabora\u00e7\u00e3o da equipe de profissionais que integram o corpo docente das escolas e convidados especiais.&nbsp;<\/p>\n\n\n\n<p>A entrada para todos os eventos \u00e9 um quilo de alimento n\u00e3o perec\u00edvel, que ser\u00e1 doado a institui\u00e7\u00f5es de caridade. Tirando a&nbsp;<strong>AIMEC Week<\/strong>&nbsp;que rolou em Joinville nesta semana, todas os outros eventos acontecem a partir da pr\u00f3xima segunda-feira.<\/p>\n\n\n\n<p>Confira a programa\u00e7\u00e3o completa:<\/p>\n\n\n\n<p><strong>AIMEC Campinas<\/strong><\/p>\n\n\n\n<p>O evento acontece no pr\u00f3prio dia 09, com workshops e pain\u00e9is com grandes profissionais da cena, iniciando-se \u00e0s 13h. Voc\u00ea vai poder contar com workshops de discotecagem e produ\u00e7\u00e3o musical, al\u00e9m de um super painel com o ILLUSIONIZE falando sobre sua carreira, produ\u00e7\u00e3o musical, projetos e muito mais.<\/p>\n\n\n\n<p>Os participantes poder\u00e3o conhecer de perto os produtos das empresas apoiadoras com stands hands-on da&nbsp;<strong>Edifier<\/strong>,&nbsp;<strong>Novation<\/strong>&nbsp;e&nbsp;<strong>Focusrite<\/strong>. Na parte externa, os participantes ter\u00e3o a sua disposi\u00e7\u00e3o uma \u00e1rea de lounge para networking e uma pra\u00e7a de alimenta\u00e7\u00e3o. Saiba mais&nbsp;<strong><a rel=\"noreferrer noopener\" href=\"https:\/\/www.facebook.com\/events\/398248747714403\/\" target=\"_blank\">aqui<\/a><\/strong>.<\/p>\n\n\n\n<p><strong>AIMEC Rio de Janeiro<\/strong><\/p>\n\n\n\n<p>No mesmo dia e no mesmo hor\u00e1rio, a sede carioca ter\u00e1 a tarde toda cheia de oficinas para DJs e produtores musicais, al\u00e9m de palestras com grandes nomes da cena local. Diversos temas ser\u00e3o abordados e a programa\u00e7\u00e3o promete surpreender com artistas de m\u00fasica eletr\u00f4nica e de&nbsp;<strong>funk carioca<\/strong>&nbsp;se revezando nos workshops.&nbsp;<\/p>\n\n\n\n<p>Mais infos&nbsp;<strong><a rel=\"noreferrer noopener\" href=\"https:\/\/www.facebook.com\/events\/2869419023141230\/\" target=\"_blank\">aqui<\/a><\/strong>.<\/p>\n\n\n\n<p><strong>AIMEC Maring\u00e1<\/strong>&nbsp;<\/p>\n\n\n\n<p>A&nbsp;<strong>AIMEC Maring\u00e1<\/strong>&nbsp;tamb\u00e9m n\u00e3o ficou de fora do World DJ Day. No interior do Paran\u00e1, a m\u00fasica eletr\u00f4nica toca alto tamb\u00e9m a partir das 13h de segunda-feira. DJs se revezando nos CDJs, masterclasses e oficinas de discotecagem e produ\u00e7\u00e3o musical para a comunidade local.<\/p>\n\n\n\n<p>Saiba mais&nbsp;<strong><a rel=\"noreferrer noopener\" href=\"https:\/\/www.facebook.com\/events\/504258083618637\/\" target=\"_blank\">aqui<\/a><\/strong>.&nbsp;<\/p>\n\n\n\n<p><strong>AIMEC Balne\u00e1rio Cambori\u00fa<\/strong>&nbsp;<\/p>\n\n\n\n<p>Tamb\u00e9m no dia 09, mas a partir das 18h, o evento na cidade catarinense come\u00e7a com discotecagem do&nbsp;<strong>DJ Acdiazz<\/strong>&nbsp;(instrutor AIMEC), seguido do&nbsp;<strong>DJ Andr\u00e9 Anthony<\/strong>&nbsp;(instrutor AIMEC) e a participa\u00e7\u00e3o especial da aluna de destaque&nbsp;<strong>DJ Blessy<\/strong>. Depois rola uma free session, em que quem quiser tocar pode levar suas m\u00fasicas e seu fone para usar as CDJs.<\/p>\n\n\n\n<p>Mais informa\u00e7\u00f5es&nbsp;<strong><a href=\"https:\/\/www.facebook.com\/aimec.balneariocamboriu\">aqui<\/a><\/strong>.<\/p>\n\n\n\n<p><strong>AIMEC Curitiba<\/strong>&nbsp;<\/p>\n\n\n\n<p>J\u00e1 em Curitiba, a programa\u00e7\u00e3o est\u00e1 marcada para o outro s\u00e1bado, 14 de mar\u00e7o a partir das 13h, com o s\u00e9timo&nbsp;<strong>Bazar de Vinil AIMEC<\/strong>, com vendas de discos \u2014 novos e usados, a partir de R$ 10,00 \u2014 de house, techno, trance, rap, brasilidades, R&amp;B, funk e soul, entre outros.<\/p>\n\n\n\n<p>O evento tamb\u00e9m ter\u00e1 live stream com DJs convidados tocando com vinil.<\/p>\n\n\n\n<p>Voc\u00ea pode conferir mais detalhes&nbsp;<strong><a rel=\"noreferrer noopener\" href=\"https:\/\/www.facebook.com\/events\/625871221292849\/\" target=\"_blank\">aqui<\/a><\/strong>.<\/p>\n\n\n\n<p>.<\/p>\n\n\n\n<p style=\"text-align:center\"><em>&#8220;A cultura eletr\u00f4nica e o mundo do entretenimento vistos atrav\u00e9s de artigos, mat\u00e9rias e entrevistas com artistas, produtores e diversos profissionais chave do Brasil e do Mundo.&#8221;<\/em><\/p>\n\n\n\n<p style=\"text-align:center\">.<\/p>\n\n\n\n<p style=\"text-align:center\"><a href=\"http:\/\/www.facebook.com\/nzpr1\"><strong>TUDOBEATS \u00e9 uma marca da NZPR.<\/strong><\/a><\/p>\n\n\n\n<p style=\"text-align:center\">.<\/p>\n\n\n\n<div class=\"wp-block-image\"><figure class=\"aligncenter\"><a href=\"http:\/\/www%2Cfacebook.com\/nzpr1\"><img loading=\"lazy\" decoding=\"async\" width=\"200\" height=\"200\" src=\"http:\/\/www.tudobeats.com.br\/home\/wp-content\/uploads\/2016\/08\/12645039_1663208213934233_8866916721587399103_n.jpg\" alt=\"\" class=\"wp-image-3151\" srcset=\"https:\/\/www.tudobeats.com.br\/home\/wp-content\/uploads\/2016\/08\/12645039_1663208213934233_8866916721587399103_n.jpg 200w, https:\/\/www.tudobeats.com.br\/home\/wp-content\/uploads\/2016\/08\/12645039_1663208213934233_8866916721587399103_n-150x150.jpg 150w, https:\/\/www.tudobeats.com.br\/home\/wp-content\/uploads\/2016\/08\/12645039_1663208213934233_8866916721587399103_n-80x80.jpg 80w\" sizes=\"auto, (max-width: 200px) 100vw, 200px\" \/><\/a><\/figure><\/div>\n\n\n\n<p>Rela\u00e7\u00f5es P\u00fablicas para a Ind\u00fastria do Entretenimento<\/p>\n","protected":false},"excerpt":{"rendered":"<p>Veja a programa\u00e7\u00e3o das sedes de Campinas, Rio de Janeiro, Maring\u00e1, Balne\u00e1rio Cambori\u00fa e Curitiba . . Nesta segunda-feira, 09 de mar\u00e7o, ser\u00e1 comemorado mais um&nbsp;Dia Mundial do DJ, e a&nbsp;AIMEC&nbsp;est\u00e1 preparando uma s\u00e9rie de eventos muito especiais e cheios de atividades, n\u00e3o s\u00f3 para comemorar a data como tamb\u00e9m para fazer sua parte ajudando [&hellip;]<\/p>\n","protected":false},"author":2,"featured_media":5878,"comment_status":"closed","ping_status":"open","sticky":false,"template":"","format":"aside","meta":{"footnotes":""},"categories":[2],"tags":[],"class_list":["post-5876","post","type-post","status-publish","format-aside","has-post-thumbnail","hentry","category-news","post_format-post-format-aside"],"jetpack_featured_media_url":"https:\/\/www.tudobeats.com.br\/home\/wp-content\/uploads\/2020\/03\/NZPR-AIMEC-2020.jpg","_links":{"self":[{"href":"https:\/\/www.tudobeats.com.br\/home\/wp-json\/wp\/v2\/posts\/5876","targetHints":{"allow":["GET"]}}],"collection":[{"href":"https:\/\/www.tudobeats.com.br\/home\/wp-json\/wp\/v2\/posts"}],"about":[{"href":"https:\/\/www.tudobeats.com.br\/home\/wp-json\/wp\/v2\/types\/post"}],"author":[{"embeddable":true,"href":"https:\/\/www.tudobeats.com.br\/home\/wp-json\/wp\/v2\/users\/2"}],"replies":[{"embeddable":true,"href":"https:\/\/www.tudobeats.com.br\/home\/wp-json\/wp\/v2\/comments?post=5876"}],"version-history":[{"count":2,"href":"https:\/\/www.tudobeats.com.br\/home\/wp-json\/wp\/v2\/posts\/5876\/revisions"}],"predecessor-version":[{"id":5883,"href":"https:\/\/www.tudobeats.com.br\/home\/wp-json\/wp\/v2\/posts\/5876\/revisions\/5883"}],"wp:featuredmedia":[{"embeddable":true,"href":"https:\/\/www.tudobeats.com.br\/home\/wp-json\/wp\/v2\/media\/5878"}],"wp:attachment":[{"href":"https:\/\/www.tudobeats.com.br\/home\/wp-json\/wp\/v2\/media?parent=5876"}],"wp:term":[{"taxonomy":"category","embeddable":true,"href":"https:\/\/www.tudobeats.com.br\/home\/wp-json\/wp\/v2\/categories?post=5876"},{"taxonomy":"post_tag","embeddable":true,"href":"https:\/\/www.tudobeats.com.br\/home\/wp-json\/wp\/v2\/tags?post=5876"}],"curies":[{"name":"wp","href":"https:\/\/api.w.org\/{rel}","templated":true}]}}