{"id":5360,"date":"2019-06-17T11:05:48","date_gmt":"2019-06-17T14:05:48","guid":{"rendered":"http:\/\/www.tudobeats.com.br\/home\/?p=5360"},"modified":"2019-06-17T11:10:31","modified_gmt":"2019-06-17T14:10:31","slug":"solaris-festival-acontece-entre-os-dias-19-e-24-de-junho-em-dourado-sao-paulo","status":"publish","type":"post","link":"https:\/\/www.tudobeats.com.br\/home\/solaris-festival-acontece-entre-os-dias-19-e-24-de-junho-em-dourado-sao-paulo\/","title":{"rendered":"Solaris Festival acontece entre os dias 19 e 24 de Junho, em Dourado, S\u00e3o Paulo"},"content":{"rendered":"\n<p style=\"text-align:center\"><em>Com a proposta de reunir amantes do m\u00fasica e da natureza, Solaris Festival traz muita m\u00fasica eletr\u00f4nica numa celebra\u00e7\u00e3o sustent\u00e1vel<\/em><\/p>\n\n\n\n<p><br><\/p>\n\n\n\n<figure class=\"wp-block-image\"><img loading=\"lazy\" decoding=\"async\" width=\"1024\" height=\"682\" src=\"http:\/\/www.tudobeats.com.br\/home\/wp-content\/uploads\/2017\/08\/SOLARIS-FESTIVAL-2017-FOTO-12-\u2013-PISTA-SUN-TEMPLE-1024x682.jpg\" alt=\"\" class=\"wp-image-2566\" srcset=\"https:\/\/www.tudobeats.com.br\/home\/wp-content\/uploads\/2017\/08\/SOLARIS-FESTIVAL-2017-FOTO-12-\u2013-PISTA-SUN-TEMPLE-1024x682.jpg 1024w, https:\/\/www.tudobeats.com.br\/home\/wp-content\/uploads\/2017\/08\/SOLARIS-FESTIVAL-2017-FOTO-12-\u2013-PISTA-SUN-TEMPLE-300x200.jpg 300w, https:\/\/www.tudobeats.com.br\/home\/wp-content\/uploads\/2017\/08\/SOLARIS-FESTIVAL-2017-FOTO-12-\u2013-PISTA-SUN-TEMPLE-768x512.jpg 768w, https:\/\/www.tudobeats.com.br\/home\/wp-content\/uploads\/2017\/08\/SOLARIS-FESTIVAL-2017-FOTO-12-\u2013-PISTA-SUN-TEMPLE.jpg 1280w\" sizes=\"auto, (max-width: 1024px) 100vw, 1024px\" \/><figcaption>Solaris Festival 2017 | Foto: Bruno Camargo<\/figcaption><\/figure>\n\n\n\n<p><br><br><\/p>\n\n\n\n<p>Um dos festivais de maior destaque no Brasil, com uma hist\u00f3ria que vem desde o in\u00edcio dos anos 2000, o Solaris Festival tem nova edi\u00e7\u00e3o entre os dias 19 e 24 de Junho de 2019, com 86 DJs divididos em duas pistas al\u00e9m de in\u00fameras atividades e interven\u00e7\u00f5es que fazem dele um evento diferenciado.<\/p>\n\n\n\n<p>Um festival extremamente fam\u00edlia, capaz de te fazer reencontrar pessoas que talvez voc\u00ea n\u00e3o v\u00ea a muito tempo&#8230; Curtir alguns dos melhores artistas de m\u00fasica eletr\u00f4nica do mundo, dormir e acordar numa dimens\u00e3o de amor e coopera\u00e7\u00e3o entre as pessoas e com o planeta. Assim a produ\u00e7\u00e3o do evento descreve o Solaris Festival, que combina uma hist\u00f3ria rica com elementos fundamentais da modernidade e civilidade dos melhores festivais da Europa<\/p>\n\n\n\n<p><em>\u201cO Solaris come\u00e7ou como uma coisa menor, na praia, na Barra do Uma, naquela \u00e9poca. Em 2003 ele se transformou num festival mesmo, com estrutura e tal. J\u00e1 em 2005 o Solaris foi um marco na cena eletr\u00f4nica brasileira\u201d<\/em>, diz Musatti, um dos organizadores do festival. \u201c<em>N\u00f3s escolhemos o Parque do Lago por isso, pela hist\u00f3ria que ele tem com o Solaris\u201d<\/em>, completa.<\/p>\n\n\n\n<p>\u201c<em>Trabalha-se no Solaris Festival, o psytrance como uma cultura, n\u00e3o somente como m\u00fasica. Muito mais do que ir para um lugar e ficar dan\u00e7ando, que \u00e9 o que muita gente pensa. Mas n\u00e3o \u00e9 somente isso. \u00c9 a uni\u00e3o de pessoas com um pensamento de colabora\u00e7\u00e3o e de experienciar o crescimento\u201d<\/em>, afirma Pedro Vidigal, outro organizador do Solaris, que completa: <em>\u201c(&#8230;) \u00c9 um festival que tem o foco no conforto do p\u00fablico e que traz uma decora\u00e7\u00e3o que remete a uma \u00e9poca al\u00e9m de artistas de alto gabarito no line up inteiro<\/em>\u201d.<\/p>\n\n\n\n<p><\/p>\n\n\n\n<figure><iframe loading=\"lazy\" src=\"https:\/\/www.facebook.com\/plugins\/video.php?href=https%3A%2F%2Fwww.facebook.com%2Fsolarisfestivalbr%2Fvideos%2F290450798524253%2F&amp;show_text=0&amp;width=560\" width=\"560\" height=\"271\" style=\"border:none;overflow:hidden\" scrolling=\"no\" frameborder=\"0\" allowtransparency=\"true\" allowfullscreen=\"true\"><\/iframe><\/figure>\n\n\n\n<p><strong>O Local<\/strong><\/p>\n\n\n\n<p>O Parque do Lago, em Dourado, S\u00e3o Paulo, tem espa\u00e7o e natureza abundantes para que o p\u00fablico desfrute de momentos de contato com a natureza sem perder a comodidade e o conforto de um banho quente e alimenta\u00e7\u00e3o adequados. A 280 km da capital, a fazenda e as imedia\u00e7\u00f5es oferecem experi\u00eancias \u00fanicas.<\/p>\n\n\n\n<blockquote class=\"wp-block-quote is-layout-flow wp-block-quote-is-layout-flow\"><p> <em>\u201cA escolha do lugar super TOP, lindo, lago, montanha, tem que ter cuidado, n\u00e3o jogar lixo no ch\u00e3o&#8230; Uma coisa puxa a outra, n\u00e9? O Solaris t\u00e1 demais pela escolha do lugar\u201d, <\/em>diz Rica Amaral, que completa: <em>\u201cN\u00e3o \u00e9 nem querer fazer um festival das antigas. Agora \u00e9 outro momento na verdade. Eu acho que \u00e9 usar daquela experi\u00eancia para criar uma coisa atual e que funcione. &nbsp;\u00c9 bacana passar essa mensagem para as pessoas e quem tem a oportunidade de participar disso tudo, tem sorte\u201d, completa o fundador da XXXperience<\/em>, presente nos line ups do Solaris desde os prim\u00f3rdios do Festival.<br><\/p><\/blockquote>\n\n\n\n<figure class=\"wp-block-image\"><img loading=\"lazy\" decoding=\"async\" width=\"1024\" height=\"683\" src=\"http:\/\/www.tudobeats.com.br\/home\/wp-content\/uploads\/2019\/06\/A-vida-\u00e9-um-plantio-e-a-arvore-1024x683.jpg\" alt=\"\" class=\"wp-image-5361\" srcset=\"https:\/\/www.tudobeats.com.br\/home\/wp-content\/uploads\/2019\/06\/A-vida-\u00e9-um-plantio-e-a-arvore-1024x683.jpg 1024w, https:\/\/www.tudobeats.com.br\/home\/wp-content\/uploads\/2019\/06\/A-vida-\u00e9-um-plantio-e-a-arvore-300x200.jpg 300w, https:\/\/www.tudobeats.com.br\/home\/wp-content\/uploads\/2019\/06\/A-vida-\u00e9-um-plantio-e-a-arvore-768x512.jpg 768w, https:\/\/www.tudobeats.com.br\/home\/wp-content\/uploads\/2019\/06\/A-vida-\u00e9-um-plantio-e-a-arvore.jpg 2048w\" sizes=\"auto, (max-width: 1024px) 100vw, 1024px\" \/><figcaption> <br>Plantio de \u00e1rvores durante Solaris Festival 2017  | Foto: Divulga\u00e7ao <\/figcaption><\/figure>\n\n\n\n<p><br><\/p>\n\n\n\n<p><strong>O Meio Ambiente<\/strong><\/p>\n\n\n\n<p>Sempre melhorar. Esse \u00e9 o lema do Festival que pretende ser o mais verde do pa\u00eds. O que significa isso? Gest\u00e3o de res\u00edduos (destino certo e sustent\u00e1vel) e reposi\u00e7\u00e3o de carbono (plantio de \u00e1rvores) est\u00e3o entre as iniciativas do Solaris Festival que conta com uma equipe especial de Meio Ambiente. Essa equipe atua tanto na administra\u00e7\u00e3o pr\u00e1tica dessa quest\u00e3o do evento, quanto na conscientiza\u00e7\u00e3o atrav\u00e9s das oficinas onde esse conhecimento \u00e9 compartilhadocom adultos e crian\u00e7as que vem ao evento. \u201c<em>Al\u00e9m de envolver cooperativas locais com o destino e aproveitamento dos res\u00edduos \u00e9 importante semear isso na cabe\u00e7a das pessoas<\/em>\u201d, lembra Musatti.<br><\/p>\n\n\n\n<div class=\"wp-block-image\"><figure class=\"aligncenter\"><img loading=\"lazy\" decoding=\"async\" width=\"1024\" height=\"683\" src=\"http:\/\/www.tudobeats.com.br\/home\/wp-content\/uploads\/2019\/06\/INFECTED-MUSHROOM-GUARAPARI-ES-1024x683.jpg\" alt=\"\" class=\"wp-image-5366\" srcset=\"https:\/\/www.tudobeats.com.br\/home\/wp-content\/uploads\/2019\/06\/INFECTED-MUSHROOM-GUARAPARI-ES-1024x683.jpg 1024w, https:\/\/www.tudobeats.com.br\/home\/wp-content\/uploads\/2019\/06\/INFECTED-MUSHROOM-GUARAPARI-ES-300x200.jpg 300w, https:\/\/www.tudobeats.com.br\/home\/wp-content\/uploads\/2019\/06\/INFECTED-MUSHROOM-GUARAPARI-ES-768x512.jpg 768w, https:\/\/www.tudobeats.com.br\/home\/wp-content\/uploads\/2019\/06\/INFECTED-MUSHROOM-GUARAPARI-ES.jpg 2048w\" sizes=\"auto, (max-width: 1024px) 100vw, 1024px\" \/><figcaption>Infected Mushroom \u00e9 a atra\u00e7\u00e3o especial do Solaris Festival <\/figcaption><\/figure><\/div>\n\n\n\n<p><br><\/p>\n\n\n\n<p><strong>Um Festival com dois palcos e 86 DJs em 2 pistas.<\/strong><\/p>\n\n\n\n<p>S\u00e3o dois palcos distintos no Solaris Festival: Sun Temple e Gaia &amp; Infusion. Confira abaixo a descri\u00e7\u00e3o e artistas de cada palco.<\/p>\n\n\n\n<p><strong>No palco \u201cSun Temple\u201d h\u00e1 o <\/strong><strong>psytrance<\/strong><strong>, Progressive, Goa e vertentes<\/strong>. \u00c9 a pista principal, o templo de dan\u00e7a, onde grandes nomes do psytrance mundial e nacional estar\u00e3o contando uma hist\u00f3ria que explora a percep\u00e7\u00e3o das pessoas. <strong>Entre os artistas convidados, destaque para os monstros sagrados do Infected Mushroom que, p<\/strong><strong>assadas duas d\u00e9cadas, continuam sendo o projeto de psytrance mais <\/strong><strong>tocado do mundo<\/strong> e que anunciaram um set de tr\u00eas horas para o Soalris Festival. N\u00e3o menos aten\u00e7\u00e3o vale esta fina sele\u00e7\u00e3o de artistas: <a href=\"https:\/\/www.facebook.com\/DjDjantrix\/\">DJ Djantrix<\/a> \ud83c\uddf2\ud83c\uddf0, <a href=\"https:\/\/www.facebook.com\/Dust.LMrec\/\">Dust<\/a> \ud83c\uddee\ud83c\uddf9, <a href=\"https:\/\/www.facebook.com\/headroomusic\/\">HEADROOM<\/a> \ud83c\uddff\ud83c\udde6, <a href=\"https:\/\/www.facebook.com\/Illuminationpsy\/\">Illumination<\/a> \ud83c\uddee\ud83c\uddf1, <a href=\"https:\/\/www.facebook.com\/juno.reactor1\">Juno Reactor<\/a> \ud83c\uddec\ud83c\udde7, <a href=\"https:\/\/www.facebook.com\/Lyktum\/\">Lyktum<\/a> \ud83c\uddf7\ud83c\uddf8, <a href=\"https:\/\/www.facebook.com\/petranmusic\/\">PetranMusic<\/a> \ud83c\uddec\ud83c\uddf7, <a href=\"https:\/\/www.facebook.com\/Pettra.Official\/\">Pettra<\/a> \ud83c\uddee\ud83c\uddf1, <a href=\"https:\/\/www.facebook.com\/protonica.de\/\">Protonica<\/a> \ud83c\udde9\ud83c\uddea, <a href=\"https:\/\/www.facebook.com\/ritmomusic\/\">RITMO<\/a> \ud83c\uddee\ud83c\uddf1. <a href=\"https:\/\/www.facebook.com\/shadowchroniclesofficial\/\">Shadow Chronicles<\/a> \ud83c\uddff\ud83c\udde6. <a href=\"https:\/\/www.facebook.com\/symbolicmusic\/\">Symbolic<\/a> \ud83c\uddee\ud83c\uddf1, <a href=\"https:\/\/www.facebook.com\/zenmechanics\/\">Zen Mechanics<\/a> \ud83c\uddf3\ud83c\uddf1, <a href=\"https:\/\/www.facebook.com\/akashatrance\/\">Akasha<\/a> \ud83c\udde7\ud83c\uddf7, <a href=\"https:\/\/www.facebook.com\/gottinari\/\">Gottinari<\/a> \ud83c\udde7\ud83c\uddf7, <a href=\"https:\/\/www.facebook.com\/harmonikabr\/\">Harmonika<\/a> \ud83c\udde7\ud83c\uddf7, <a href=\"https:\/\/www.facebook.com\/Jaia2Gaia\/\">Jaia2Gaia<\/a> \ud83c\udde7\ud83c\uddf7, Skylottus \ud83c\udde7\ud83c\uddf7, <a href=\"https:\/\/www.facebook.com\/sychotrialive\/\">Sychotria Ayauma Recs<\/a> \ud83c\udde7\ud83c\uddf7, <a href=\"https:\/\/www.facebook.com\/Twelvesessions\/\">Twelve Sessions<\/a> \ud83c\udde7\ud83c\uddf7, <a href=\"https:\/\/www.facebook.com\/whiptongue\/\">Whiptongue<\/a> \ud83c\udde7\ud83c\uddf7, <a href=\"https:\/\/www.facebook.com\/mack.sato.5\">Mack Sato<\/a> \ud83c\udde7\ud83c\uddf7, <a href=\"https:\/\/www.facebook.com\/lealsgarden\/\">Dj Rodrigo leal<\/a> \ud83c\udde7\ud83c\uddf7, <a href=\"https:\/\/www.facebook.com\/shove28\/\">Shove<\/a> \ud83c\uddf2\ud83c\uddfd, <a href=\"https:\/\/www.facebook.com\/sutemi\/\">Sutemi<\/a> \ud83c\udde7\ud83c\uddf7, <a href=\"https:\/\/www.facebook.com\/djvidigal\/\">DJ Vidigal<\/a> \ud83c\udde7\ud83c\uddf7, <a href=\"https:\/\/www.facebook.com\/yasser.hanzi\">Yasser Hanzi<\/a> \ud83c\udde7\ud83c\uddf7, <a href=\"https:\/\/www.facebook.com\/bashersmusic\/\">Bashers<\/a> \ud83c\udde7\ud83c\uddf7, Deutsch \ud83c\udde7\ud83c\uddf7, <a href=\"https:\/\/www.facebook.com\/JamesWestMusic\/\">James West<\/a>, Jess \ud83c\udde7\ud83c\uddf7, <a href=\"https:\/\/www.facebook.com\/KalkiMusic\/\">Kalki<\/a>, <a href=\"https:\/\/www.facebook.com\/murillo.kobot\/\">KOBOT<\/a> \ud83c\udde7\ud83c\uddf7, Kyzan \ud83c\udde7\ud83c\uddf7, LLeandrini \ud83c\udde7\ud83c\uddf7, <a href=\"https:\/\/www.facebook.com\/mindbenderziono\/\">Mindbenderz<\/a> \ud83c\udde9\ud83c\uddea, <a href=\"https:\/\/www.facebook.com\/mmusatti\">Musatti<\/a>, <a href=\"https:\/\/www.facebook.com\/Protoculture-music-235990546551366\/\">Protoculture music<\/a> \ud83c\uddff\ud83c\udde6, <a href=\"https:\/\/www.facebook.com\/psychowave\/\">Psychowave<\/a> \ud83c\udde7\ud83c\uddf7, <a href=\"https:\/\/www.facebook.com\/ThePurist\/\">Purist<\/a> \ud83c\udde7\ud83c\uddf7, <a href=\"https:\/\/www.facebook.com\/rex.lineker\">Rex Lineker<\/a> \ud83c\uddff\ud83c\udde6, <a href=\"https:\/\/www.facebook.com\/ricaamaraloficial\/\">Rica Amaral<\/a> \ud83c\udde7\ud83c\uddf7, <a href=\"https:\/\/www.facebook.com\/rockymusic\/\">ROCKY Tilbor<\/a> \ud83c\uddee\ud83c\uddf1, <a href=\"https:\/\/www.facebook.com\/sayuridj\/\">DJ Sayuri<\/a> \ud83c\uddef\ud83c\uddf5, <a href=\"https:\/\/www.facebook.com\/Skulptormusic\/\">SKULPTOR<\/a> \ud83c\udde7\ud83c\uddf7, <a href=\"https:\/\/www.facebook.com\/sychotrialive\/\">Sychotria Ayauma Recs<\/a> \ud83c\udde7\ud83c\uddf7, 28 \ud83c\uddf2\ud83c\uddfd.<br><\/p>\n\n\n\n<p><em>\u201cEu sempre quis vir num festival assim no Brasil. Voc\u00eas s\u00e3o aben\u00e7oados com esse lugar. Foi uma edi\u00e7\u00e3o lend\u00e1ria\u201d<\/em>, afirmou Protonica sobre a \u00faltima edi\u00e7\u00e3o do Solaris Festival e que est\u00e1 escalado tamb\u00e9m em 2019.<\/p>\n\n\n\n<div class=\"wp-block-image\"><figure class=\"aligncenter\"><img decoding=\"async\" src=\"https:\/\/scontent.fcwb2-2.fna.fbcdn.net\/v\/t1.0-9\/38246211_678272802507037_594485699252584448_n.jpg?_nc_cat=109&amp;_nc_oc=AQnI9nEQPue8Lvifd5XPXnnm6r8CBEbT8vWYS734aHgqE4-85KGxsoB-Kzuqmj2cxPg&amp;_nc_ht=scontent.fcwb2-2.fna&amp;oh=89bcdddbdda0e6e9398ca891d94fa261&amp;oe=5D8D5302\" alt=\"Image may contain: 1 person\"\/><figcaption>D-Nox \u00e9 a atra\u00e7\u00e3o especial do palco Gaia &amp; Infusion.<\/figcaption><\/figure><\/div>\n\n\n\n<p><br><strong>J\u00e1 o palco \u201c<\/strong> Gaia &amp; Infusion <strong>\u201d tem dupla fun\u00e7\u00e3o dentro do Festival: Abrigar tanto o relax dp Chill Out, Ambient e Dub quanto o Techno, House e suas vertentes. <\/strong>A uni\u00e3o da pista GAIA e Infusion representa estilos diferentes dependendo do hor\u00e1rio, compartilhando o espa\u00e7o para ser dan\u00e7ante durante as tardes e in\u00edcio da noite, por\u00e9m, relaxante e confort\u00e1vel na madrugada e in\u00edcio da manh\u00e3. Com o visual lindo do lago, ali \u00e9 o ref\u00fagio perfeito com muita sombra e acolhimento com m\u00fasica boa. Os artistas convidados para este palco s\u00e3o: &#8211; <a href=\"https:\/\/www.facebook.com\/dnoxofficial\/\">D-Nox<\/a> \ud83c\udde9\ud83c\uddea, <a href=\"https:\/\/www.facebook.com\/DreGuazzelli\/\">Dre Guazzelli<\/a> \ud83c\udde7\ud83c\uddf7, <a href=\"https:\/\/www.facebook.com\/dubianchipage\/\">Dubianchi<\/a> \ud83c\udde7\ud83c\uddf7, <a href=\"https:\/\/www.facebook.com\/deutschdj\/\">Dj Deutsch<\/a> \ud83c\udde7\ud83c\uddf7, <a href=\"https:\/\/www.facebook.com\/eliiwasaofficial\/\">Eli Iwasa<\/a> \ud83c\udde7\ud83c\uddf7, <a href=\"https:\/\/www.facebook.com\/fractallmusic\/\">FractaLL<\/a> \ud83c\udde7\ud83c\uddf7, &#8211; <a href=\"https:\/\/www.facebook.com\/lsallun\">Luciano Sallun<\/a> \ud83c\udde7\ud83c\uddf7, Lotus \ud83c\udde7\ud83c\uddf7, <a href=\"https:\/\/www.facebook.com\/pedrabranca2012\/\">Pedra Branca<\/a> \ud83c\udde7\ud83c\uddf7, Pedro Golomp in dub \ud83c\udde7\ud83c\uddf7, <a href=\"https:\/\/www.facebook.com\/rocksted\/\">Rocksted<\/a> \ud83c\udde7\ud83c\uddf7, Smurf \ud83c\udde7\ud83c\uddf7, <a href=\"https:\/\/www.facebook.com\/touchtalkmusic\/\">TouchTalk<\/a>, \ud83c\udde7\ud83c\uddf7, <a href=\"https:\/\/www.facebook.com\/TrotterMusic\/\">Trotter<\/a> \ud83c\udde7\ud83c\uddf7, <a href=\"https:\/\/www.facebook.com\/artur.mattos.5\">Artur Mattos<\/a> \ud83c\udde7\ud83c\uddf7, <a href=\"https:\/\/www.facebook.com\/duserenamusic\/\">Du Serena<\/a> \ud83c\udde7\ud83c\uddf7, <a href=\"https:\/\/www.facebook.com\/electricplectrum\/\">Electric Plectrum<\/a> \ud83c\udde7\ud83c\uddf7, <a href=\"https:\/\/www.facebook.com\/LiraVegastar\/\">Estrela Vega<\/a> \ud83c\udde7\ud83c\uddf7, <a href=\"https:\/\/www.facebook.com\/Fred-Martins-163749983761683\/\">Fred Martins<\/a> \ud83c\udde7\ud83c\uddf7,Friendly Chip \ud83c\udde7\ud83c\uddf7, <a href=\"https:\/\/www.facebook.com\/globalkoma\/\">Global Koma<\/a> \ud83c\udde7\ud83c\uddf7, Gustavo Caram \ud83c\udde7\ud83c\uddf7, Mainly Bud \ud83c\udde7\ud83c\uddf7, Mento \ud83c\udde7\ud83c\uddf7, &nbsp;<a href=\"https:\/\/www.facebook.com\/modi.sapiras\">Modi Sapiras<\/a> \ud83c\udde7\ud83c\uddf7, <a href=\"https:\/\/www.facebook.com\/multisambofonico\/\">MuLTiSaMBoF\u00f4NiCo<\/a> \ud83c\udde7\ud83c\uddf7, <a href=\"https:\/\/www.facebook.com\/muriloganeshfotografo\">Murilo Ganesh<\/a> \ud83c\udde7\ud83c\uddf7, <a href=\"https:\/\/www.facebook.com\/rafael.dahan\">Rafael C Dahan<\/a> \ud83c\udde7\ud83c\uddf7, <a href=\"https:\/\/www.facebook.com\/ricaamaraloficial\/\">Rica Amaral<\/a> \ud83c\udde7\ud83c\uddf7, Schasko \ud83c\udde7\ud83c\uddf7, Shaka \ud83c\udde7\ud83c\uddf7, <a href=\"https:\/\/www.facebook.com\/soundsistersss\/\">SOUND SISTERS<\/a> \ud83c\udde7\ud83c\uddf7, <a href=\"https:\/\/www.facebook.com\/tchelodj\">Tchelo Casagrande<\/a> \ud83c\udde7\ud83c\uddf7, <a href=\"https:\/\/www.facebook.com\/victorizzom\">Victor Rizzo<\/a> \ud83c\udde7\ud83c\uddf7 e Youlen \ud83c\uddee\ud83c\uddf1.<br><\/p>\n\n\n\n<blockquote class=\"wp-block-quote is-layout-flow wp-block-quote-is-layout-flow\"><p>\u201c<em>Para mim o Solaris \u00e9 muito especial. \u00c9 mais tipo o que se v\u00ea em festivais da europa&#8230; Festas de dia e de noite mas tem muitas coisas pra fazer, acampar, conhecer pessoas. Claro que as pessoas est\u00e3o aqui querem dan\u00e7ar mas o festival tem muito mais<\/em>\u201d, diz Symphonix<br><\/p><\/blockquote>\n\n\n\n<div class=\"wp-block-image\"><figure class=\"aligncenter\"><img loading=\"lazy\" decoding=\"async\" width=\"1024\" height=\"683\" src=\"http:\/\/www.tudobeats.com.br\/home\/wp-content\/uploads\/2017\/08\/SOLARIS-FESTIVAL-2017-INTERVEN\u00c7\u00c3O-0-7-1024x683.jpg\" alt=\"\" class=\"wp-image-2570\" srcset=\"https:\/\/www.tudobeats.com.br\/home\/wp-content\/uploads\/2017\/08\/SOLARIS-FESTIVAL-2017-INTERVEN\u00c7\u00c3O-0-7-1024x683.jpg 1024w, https:\/\/www.tudobeats.com.br\/home\/wp-content\/uploads\/2017\/08\/SOLARIS-FESTIVAL-2017-INTERVEN\u00c7\u00c3O-0-7-300x200.jpg 300w, https:\/\/www.tudobeats.com.br\/home\/wp-content\/uploads\/2017\/08\/SOLARIS-FESTIVAL-2017-INTERVEN\u00c7\u00c3O-0-7-768x512.jpg 768w, https:\/\/www.tudobeats.com.br\/home\/wp-content\/uploads\/2017\/08\/SOLARIS-FESTIVAL-2017-INTERVEN\u00c7\u00c3O-0-7.jpg 2048w\" sizes=\"auto, (max-width: 1024px) 100vw, 1024px\" \/><\/figure><\/div>\n\n\n\n<p><br><\/p>\n\n\n\n<p>O visual \u00e9 um espet\u00e1culo a parte no Solaris Festival e voc\u00ea pode acessar fotos da \u00faltima edi\u00e7\u00e3o em 2017 para ter um gostinho em <a href=\"http:\/\/solarisfestival.org\/galeria\">solarisfestival.org\/galeria<\/a>.<br><\/p>\n\n\n\n<p><\/p>\n\n\n\n<p>A DECORA\u00c7\u00c3O<\/p>\n\n\n\n<p>A artista sul-africana Carin Dickinson e sua mente multi dimensional d\u00e3o vida ao ARTESCAPE, uma experi\u00eancia visual que vai al\u00e9m de suas pinturas gigantes em UV e cria um ambiente imersivo que utiliza tamb\u00e9m tecidos e luz entre outros elementos. O portf\u00f3lio internacional da artista vem desde o ano 2000 e inclui os principais festivais da \u00c1frica do Sul como Vortex, Origin Festival, Earthdance, Rezonance, Alien Safari e Groovy Troopers al\u00e9m dos <em>must-go-festivals<\/em> VUUV, na Alemanha, Ozora, na Hungria, BOOM, em Portugal, Blackmoon &amp; The Experience, na Tail\u00e2ndia, Sonica, em Montenegro, entre outros no Reino Unido e por toda europa.<br><\/p>\n\n\n\n<div class=\"wp-block-image\"><figure class=\"aligncenter\"><img loading=\"lazy\" decoding=\"async\" width=\"1024\" height=\"683\" src=\"http:\/\/www.tudobeats.com.br\/home\/wp-content\/uploads\/2019\/06\/NZPR-SOLARIS-FESTIVAL-2019-3-1024x683.jpg\" alt=\"\" class=\"wp-image-5367\" srcset=\"https:\/\/www.tudobeats.com.br\/home\/wp-content\/uploads\/2019\/06\/NZPR-SOLARIS-FESTIVAL-2019-3-1024x683.jpg 1024w, https:\/\/www.tudobeats.com.br\/home\/wp-content\/uploads\/2019\/06\/NZPR-SOLARIS-FESTIVAL-2019-3-300x200.jpg 300w, https:\/\/www.tudobeats.com.br\/home\/wp-content\/uploads\/2019\/06\/NZPR-SOLARIS-FESTIVAL-2019-3-768x512.jpg 768w, https:\/\/www.tudobeats.com.br\/home\/wp-content\/uploads\/2019\/06\/NZPR-SOLARIS-FESTIVAL-2019-3.jpg 2048w\" sizes=\"auto, (max-width: 1024px) 100vw, 1024px\" \/><figcaption>.Solaris Festival 2017 &#8211; Palco Sun Temple | Foto: Jonatas Laranjeira<\/figcaption><\/figure><\/div>\n\n\n\n<p><br><\/p>\n\n\n\n<p><strong>Conceito Visual by Android Jones<\/strong><\/p>\n\n\n\n<p>Melhor descrito como um \u201calquimista digital&#8221;, Android Jones se tornou mundialmente conhecido por seus trabalhos psicod\u00e9licos, em casa como artista visual digital e, ao vivo, como VJ. Nascido no Colorado, EUA, no centro do seu trabalho est\u00e1 a espiritualidade e os estados alterados de consci\u00eancia. Um membro de longa data da comunidade Burning Man, Android viajou pelo mundo a exibir seu trabalho em festivais como o Boom e lugares como a \u00d3pera Hall, em Sydney, Austr\u00e1lia, e nos port\u00f5es da cidade m\u00edstica de Varanasi, na \u00cdndia. <\/p>\n\n\n\n<p>.<\/p>\n\n\n\n<blockquote class=\"wp-block-quote is-layout-flow wp-block-quote-is-layout-flow\"><p><em>\u201cParece que cheguei num para\u00edso&#8230; com as \u00e1rvores&#8230; o rio&#8230; toda essa vibe, \u00e9 tudo muito m\u00edstico\u201d<\/em>, diz Matthias Sperlich, do <a href=\"https:\/\/www.facebook.com\/mindbenderziono\/\">Mindbenderz<\/a> .<\/p><\/blockquote>\n\n\n\n<p>.<\/p>\n\n\n\n<p>A produ\u00e7\u00e3o do Festival fica por conta de Infinite Events, MoonWorld e Mundo de Aslam. O evento rola no Parque do Lago, em Dourado, estado de S\u00e3o Paulo, e tem rola do dia 19 at\u00e9 o dia 24 e todas as informa\u00e7\u00f5es est\u00e3o no site oficial <a href=\"http:\/\/www.solarisfestival.org\">www.solarisfestival.org<\/a>.<\/p>\n\n\n\n<p>.<\/p>\n\n\n\n<p><strong>Servi\u00e7o:<\/strong><\/p>\n\n\n\n<p><em>Solaris Festival 2019<\/em><\/p>\n\n\n\n<p><strong>Data<\/strong>: 19 de Junho, sexta meio dia at\u00e9 24 de Junho, quarta feira meio dia.<br><strong>Local<\/strong>: Parque do Lago \u2013 Dourado, S\u00e3o Paulo &nbsp;&#8211; Brasil &#8211;  Rod. Lu\u00eds Augusto de Oliveira, 14101-15041, Dourado &#8211; SP, 13590-000<br><strong>Informa\u00e7\u00f5es<\/strong>: <strong>http:\/\/bit.ly\/solaris2019-evento<\/strong><\/p>\n\n\n\n<p><em>.<\/em><\/p>\n\n\n\n<p style=\"text-align:center\"><em>\u201dEscolhemos as m\u00fasicas e artistas que gostamos, divulgamos os projetos em que acreditamos. \u201c<\/em><\/p>\n\n\n\n<h4 class=\"wp-block-heading\"><a href=\"http:\/\/www.facebook.com\/tudobeats\"><\/a><\/h4>\n\n\n\n<p style=\"text-align:center\"><em>\u201d A cultura eletr\u00f4nica e o mundo do entretenimento vistos atrav\u00e9s de artigos, mat\u00e9rias e entrevistas com artistas, produtores e diversos profissionais chave do Brasil e do Mundo.<\/em><em>\u201c<\/em><\/p>\n\n\n\n<p style=\"text-align:center\"><a href=\"http:\/\/www.facebook.com\/nzpr1\"><strong>TUDOBEATS \u00e9 uma marca da NZPR.<\/strong><\/a><\/p>\n\n\n\n<p>.<\/p>\n\n\n\n<p>.<\/p>\n\n\n\n<div class=\"wp-block-image\"><figure class=\"aligncenter\"><a href=\"http:\/\/www%2Cfacebook.com\/nzpr1\"><img loading=\"lazy\" decoding=\"async\" width=\"200\" height=\"200\" src=\"http:\/\/www.tudobeats.com.br\/home\/wp-content\/uploads\/2016\/08\/12645039_1663208213934233_8866916721587399103_n.jpg\" alt=\"\" class=\"wp-image-3151\" srcset=\"https:\/\/www.tudobeats.com.br\/home\/wp-content\/uploads\/2016\/08\/12645039_1663208213934233_8866916721587399103_n.jpg 200w, https:\/\/www.tudobeats.com.br\/home\/wp-content\/uploads\/2016\/08\/12645039_1663208213934233_8866916721587399103_n-150x150.jpg 150w, https:\/\/www.tudobeats.com.br\/home\/wp-content\/uploads\/2016\/08\/12645039_1663208213934233_8866916721587399103_n-80x80.jpg 80w\" sizes=\"auto, (max-width: 200px) 100vw, 200px\" \/><\/a><\/figure><\/div>\n\n\n\n<p style=\"text-align:center\">Rela\u00e7\u00f5es P\u00fablicas para a Ind\u00fastria do Entretenimento<\/p>\n","protected":false},"excerpt":{"rendered":"<p>Com a proposta de reunir amantes do m\u00fasica e da natureza, Solaris Festival traz muita m\u00fasica eletr\u00f4nica numa celebra\u00e7\u00e3o sustent\u00e1vel Um dos festivais de maior destaque no Brasil, com uma hist\u00f3ria que vem desde o in\u00edcio dos anos 2000, o Solaris Festival tem nova edi\u00e7\u00e3o entre os dias 19 e 24 de Junho de 2019, [&hellip;]<\/p>\n","protected":false},"author":2,"featured_media":2566,"comment_status":"closed","ping_status":"open","sticky":false,"template":"","format":"aside","meta":{"footnotes":""},"categories":[2],"tags":[],"class_list":["post-5360","post","type-post","status-publish","format-aside","has-post-thumbnail","hentry","category-news","post_format-post-format-aside"],"jetpack_featured_media_url":"https:\/\/www.tudobeats.com.br\/home\/wp-content\/uploads\/2017\/08\/SOLARIS-FESTIVAL-2017-FOTO-12-\u2013-PISTA-SUN-TEMPLE.jpg","_links":{"self":[{"href":"https:\/\/www.tudobeats.com.br\/home\/wp-json\/wp\/v2\/posts\/5360","targetHints":{"allow":["GET"]}}],"collection":[{"href":"https:\/\/www.tudobeats.com.br\/home\/wp-json\/wp\/v2\/posts"}],"about":[{"href":"https:\/\/www.tudobeats.com.br\/home\/wp-json\/wp\/v2\/types\/post"}],"author":[{"embeddable":true,"href":"https:\/\/www.tudobeats.com.br\/home\/wp-json\/wp\/v2\/users\/2"}],"replies":[{"embeddable":true,"href":"https:\/\/www.tudobeats.com.br\/home\/wp-json\/wp\/v2\/comments?post=5360"}],"version-history":[{"count":2,"href":"https:\/\/www.tudobeats.com.br\/home\/wp-json\/wp\/v2\/posts\/5360\/revisions"}],"predecessor-version":[{"id":5369,"href":"https:\/\/www.tudobeats.com.br\/home\/wp-json\/wp\/v2\/posts\/5360\/revisions\/5369"}],"wp:featuredmedia":[{"embeddable":true,"href":"https:\/\/www.tudobeats.com.br\/home\/wp-json\/wp\/v2\/media\/2566"}],"wp:attachment":[{"href":"https:\/\/www.tudobeats.com.br\/home\/wp-json\/wp\/v2\/media?parent=5360"}],"wp:term":[{"taxonomy":"category","embeddable":true,"href":"https:\/\/www.tudobeats.com.br\/home\/wp-json\/wp\/v2\/categories?post=5360"},{"taxonomy":"post_tag","embeddable":true,"href":"https:\/\/www.tudobeats.com.br\/home\/wp-json\/wp\/v2\/tags?post=5360"}],"curies":[{"name":"wp","href":"https:\/\/api.w.org\/{rel}","templated":true}]}}