{"id":3373,"date":"2018-02-02T12:32:24","date_gmt":"2018-02-02T15:32:24","guid":{"rendered":"http:\/\/www.tudobeats.com.br\/home\/?p=3373"},"modified":"2018-02-02T13:39:51","modified_gmt":"2018-02-02T16:39:51","slug":"pioneira-do-techno-em-ibiza-cocoon-anuncia-nova-casa","status":"publish","type":"post","link":"https:\/\/www.tudobeats.com.br\/home\/pioneira-do-techno-em-ibiza-cocoon-anuncia-nova-casa\/","title":{"rendered":"Pioneira do Techno em Ibiza, Cocoon anuncia nova casa."},"content":{"rendered":"<p style=\"text-align: center;\"><em>Este ver\u00e3o ver\u00e1 a fus\u00e3o de dois nomes ic\u00f4nicos enquanto Cocoon muda seu endere\u00e7o para a Pacha.<\/em><\/p>\n<p><span style=\"color: #ffffff;\">.<\/span><\/p>\n<p style=\"text-align: center;\"><img decoding=\"async\" src=\"http:\/\/www.international-nightlife.com\/media\/k2\/galleries\/3937\/Pacha%20Ibiza%205.jpg\" \/><\/p>\n<p>&nbsp;<\/p>\n<p><strong><span style=\"color: #ffffff;\">.<\/span>Em 2018, a Cocoon de Sven Vath, ter\u00e1 uma nova casa em Ibiza.<\/strong><\/p>\n<p>Foram 18 anos incr\u00edveis junto do club <em>Amnesia<\/em>\u00a0que desde o primeiro dia desafiaram Ibiza musicalmente, mas havia mais do que isso. Inova\u00e7\u00f5es visuais e conceitos que ganharam for\u00e7a com a paix\u00e3o e cor de Ibiza transformaram a ilha na sede de algumas festas extraordin\u00e1rias.<\/p>\n<p>Ibiza nunca p\u00e1ra de evoluir e surpreender, tampouco a Cocoon, uma festa que trouxe o Techno para a ilha e mudou tudo.<\/p>\n<p>&nbsp;<\/p>\n<div class=\"video-container\"><iframe loading=\"lazy\" title=\"Sven V\u00e4th Live @ Amnesia Cocoon Ibiza 02.01.2002\" width=\"1000\" height=\"563\" src=\"https:\/\/www.youtube.com\/embed\/oIdD-dFsYyE?feature=oembed\" frameborder=\"0\" allow=\"accelerometer; autoplay; clipboard-write; encrypted-media; gyroscope; picture-in-picture\" allowfullscreen><\/iframe><\/div>\n<p>&nbsp;<\/p>\n<p><strong>Metamorfose?<\/strong><\/p>\n<p>Neste ver\u00e3o, Cocoon unir\u00e1 for\u00e7as com o<strong> Pacha<\/strong>, o clube que trouxe festas para a ilha e mudou tudo.<\/p>\n<p>E agora &#8230; outra mudan\u00e7a. Este \u00e9 um novo Pacha que conhece a 19\u00aa temporada do Cocoon e \u00e9 hora de fazer algumas festas que n\u00e3o poderiam estar em outro lugar do mundo, mas em Ibiza.<\/p>\n<p><em>Para mais informa\u00e7\u00f5es acesse: www.cocoon.net<\/em><\/p>\n<p>&nbsp;<\/p>\n<h4 style=\"text-align: center;\"><span style=\"color: #ffffff;\">.<\/span><a href=\"http:\/\/www.facebook.com\/tudobeats\"><img loading=\"lazy\" decoding=\"async\" class=\"wp-image-1799 aligncenter\" src=\"http:\/\/www.tudobeats.com.br\/home\/wp-content\/uploads\/2017\/02\/TUDOBEATS-_-MATERIAIS-_-SITE-_-BANNER-SIGA-FACEBOOK-1024x163.jpg\" alt=\"\" width=\"611\" height=\"112\" \/><\/a><\/h4>\n<p style=\"text-align: center;\">_______________________<\/p>\n<p style=\"text-align: center;\"><em>\u201d\u00a0<span data-offset-key=\"duj1j-0-0\">A cultura eletr\u00f4nica e o mundo do entretenimento vistos atrav\u00e9s de artigos, mat\u00e9rias e entrevistas com artistas, produtores e diversos profissionais chave do Brasil e do Mundo.<\/span><\/em><em>\u201c<\/em><\/p>\n<p style=\"text-align: center;\"><strong><a href=\"http:\/\/www.fb%2Ccom\/tudobeats\">TUDOBEATS<\/a><a href=\"http:\/\/www.housemag.com.br\/\">\u00a0\u00e9 uma marca da NZPR.<\/a><\/strong><\/p>\n<p style=\"text-align: center;\">.<\/p>\n<p style=\"text-align: center;\"><a href=\"http:\/\/www%2Cfacebook.com\/nzpr1\"><img loading=\"lazy\" decoding=\"async\" class=\"alignnone wp-image-3151\" src=\"http:\/\/www.tudobeats.com.br\/home\/wp-content\/uploads\/2016\/08\/12645039_1663208213934233_8866916721587399103_n.jpg\" alt=\"\" width=\"141\" height=\"138\" \/><\/a><\/p>\n<p style=\"text-align: center;\">Rela\u00e7\u00f5es P\u00fablicas para a Ind\u00fastria do Entretenimento<\/p>\n<p style=\"text-align: center;\">.<\/p>\n","protected":false},"excerpt":{"rendered":"<p>Este ver\u00e3o ver\u00e1 a fus\u00e3o de dois nomes ic\u00f4nicos enquanto Cocoon muda seu endere\u00e7o para a Pacha. . &nbsp; .Em 2018, a Cocoon de Sven Vath, ter\u00e1 uma nova casa em Ibiza. Foram 18 anos incr\u00edveis junto do club Amnesia\u00a0que desde o primeiro dia desafiaram Ibiza musicalmente, mas havia mais do que isso. Inova\u00e7\u00f5es visuais [&hellip;]<\/p>\n","protected":false},"author":2,"featured_media":3375,"comment_status":"closed","ping_status":"open","sticky":false,"template":"","format":"aside","meta":{"footnotes":""},"categories":[1218],"tags":[1524,370,20,29,16],"class_list":["post-3373","post","type-post","status-publish","format-aside","has-post-thumbnail","hentry","category-ibiza","tag-cocoon","tag-ibiza","tag-nzpr","tag-sven-vath","tag-tudobeats","post_format-post-format-aside"],"jetpack_featured_media_url":"https:\/\/www.tudobeats.com.br\/home\/wp-content\/uploads\/2018\/02\/coccon-facebookbanner.png","_links":{"self":[{"href":"https:\/\/www.tudobeats.com.br\/home\/wp-json\/wp\/v2\/posts\/3373","targetHints":{"allow":["GET"]}}],"collection":[{"href":"https:\/\/www.tudobeats.com.br\/home\/wp-json\/wp\/v2\/posts"}],"about":[{"href":"https:\/\/www.tudobeats.com.br\/home\/wp-json\/wp\/v2\/types\/post"}],"author":[{"embeddable":true,"href":"https:\/\/www.tudobeats.com.br\/home\/wp-json\/wp\/v2\/users\/2"}],"replies":[{"embeddable":true,"href":"https:\/\/www.tudobeats.com.br\/home\/wp-json\/wp\/v2\/comments?post=3373"}],"version-history":[{"count":2,"href":"https:\/\/www.tudobeats.com.br\/home\/wp-json\/wp\/v2\/posts\/3373\/revisions"}],"predecessor-version":[{"id":3377,"href":"https:\/\/www.tudobeats.com.br\/home\/wp-json\/wp\/v2\/posts\/3373\/revisions\/3377"}],"wp:featuredmedia":[{"embeddable":true,"href":"https:\/\/www.tudobeats.com.br\/home\/wp-json\/wp\/v2\/media\/3375"}],"wp:attachment":[{"href":"https:\/\/www.tudobeats.com.br\/home\/wp-json\/wp\/v2\/media?parent=3373"}],"wp:term":[{"taxonomy":"category","embeddable":true,"href":"https:\/\/www.tudobeats.com.br\/home\/wp-json\/wp\/v2\/categories?post=3373"},{"taxonomy":"post_tag","embeddable":true,"href":"https:\/\/www.tudobeats.com.br\/home\/wp-json\/wp\/v2\/tags?post=3373"}],"curies":[{"name":"wp","href":"https:\/\/api.w.org\/{rel}","templated":true}]}}