{"id":2578,"date":"2017-08-17T23:16:38","date_gmt":"2017-08-18T02:16:38","guid":{"rendered":"http:\/\/www.tudobeats.com.br\/home\/?p=2578"},"modified":"2017-08-17T23:34:53","modified_gmt":"2017-08-18T02:34:53","slug":"festa-me-gusta-rola-em-botafogo-sabado-dia-26","status":"publish","type":"post","link":"https:\/\/www.tudobeats.com.br\/home\/festa-me-gusta-rola-em-botafogo-sabado-dia-26\/","title":{"rendered":"Festa Me Gusta rola em Botafogo, s\u00e1bado dia 26"},"content":{"rendered":"<h3 style=\"text-align: center;\"><span style=\"color: #ffffff;\">.<\/span><\/h3>\n<h3 style=\"text-align: center;\"><em>Depois de seis anos, a festa Me Gusta retorna ao Studio Line, em Botafogo, cheia de ginga e com line up\u00a0<\/em><em>100% carioca. Se liga na playlist!<\/em><\/h3>\n<p><span style=\"color: #ffffff;\">.<\/span><\/p>\n<h3><iframe loading=\"lazy\" src=\"https:\/\/w.soundcloud.com\/player\/?url=https%3A\/\/api.soundcloud.com\/playlists\/346041325&amp;color=ff5500&amp;auto_play=false&amp;hide_related=false&amp;show_comments=true&amp;show_user=true&amp;show_reposts=false&amp;visual=true\" width=\"100%\" height=\"450\" frameborder=\"no\" scrolling=\"no\"><\/iframe><\/h3>\n<p>.<\/p>\n<p>O Rio de Janeiro festeja o crescimento da cena eletr\u00f4nica. Cada vez mais festas aparecem assim como novos artistas. Artistas que iniciaram este processo est\u00e3o estabelecidos no Brasil mas\u00a0alguns eventos apenas permanecem com o passar dos anos. N\u00e3o \u00e9 tarefa f\u00e1cil construir um projeto coeso, com eventos que tragam artistas de qualidade\u00a0do Brasil e do mundo mantendo sua proposta.\u00a0Um destes eventos \u00e9 a Me Gusta, produzida pelo carioca Fernando Deperon que n\u00e3o \u00e9 DJ mas tem um bom faro para a m\u00fasica. Muitos artistas que hoje\u00a0s\u00e3o contratados\u00a0para as grandes festas do Rio &#8211; e do Brasil &#8211; passaram primeiro\u00a0pela Me Gusta.<\/p>\n<p>Prestes a comemorar 7 anos de vida, a Me Gusta retorna ao Studio Line, em Botafogo, local onde em 2011 apresentou edi\u00e7\u00e3o que contou com o\u00a0DJ Produtor, \u00edcone do D-Edge, Renato Ratier e o talentoso Mauricio Lopes. \u00a0A festa que rola este s\u00e1bado dia 26 de Agosto ter\u00e1 como atra\u00e7\u00e3o &#8211; al\u00e9m do clima aconchegante \u00a0e de amizade que sempre marca suas festas &#8211; os cariocas <strong>Art In Motion<\/strong> (SaRaV\u00e1 | Plano B Records), <strong>Saulo Ferraro<\/strong> (Me Gusta| Relva),\u00a0<strong>Toucan<\/strong> e\u00a0<strong>Vkira<\/strong> vs <strong>Iagon<\/strong> (SaRaV\u00e1).<\/p>\n<p>Os ingressos podem ser comprados na hora e existem vantagens para quem confirmar presen\u00e7a no <a href=\"https:\/\/www.facebook.com\/events\/137513746838588\/?acontext=%7B%22action_history%22%3A%22[%7B%5C%22surface%5C%22%3A%5C%22page%5C%22%2C%5C%22mechanism%5C%22%3A%5C%22page_upcoming_events_card%5C%22%2C%5C%22extra_data%5C%22%3A[]%7D]%22%2C%22has_source%22%3Atrue%7D\">evento<\/a>.<\/p>\n<div class=\"_2qgs\">\n<div id=\"id_59960e8a82a932901621261\" class=\"text_exposed_root text_exposed\">\n<p>&nbsp;<\/p>\n<\/div>\n<\/div>\n<div class=\"_2qgs\">\n<div style=\"width: 730px\" class=\"wp-caption aligncenter\"><img loading=\"lazy\" decoding=\"async\" src=\"https:\/\/scontent.fbfh4-1.fna.fbcdn.net\/v\/t1.0-9\/20526110_10155586456909872_7969966463720648408_n.jpg?oh=97d9c749d0297fbfd52dad943ab1480a&amp;oe=5A28B86A\" alt=\"Image may contain: 2 people, glasses\" width=\"720\" height=\"480\" \/><p class=\"wp-caption-text\">\u00daltima Me Gusta que rolou no Studio Line, em 2011, teve Mauricio Lopes e Renato Ratier<\/p><\/div>\n<div id=\"id_59960e8a82a932901621261\" class=\"text_exposed_root text_exposed\">\n<p><span style=\"color: #ffffff;\"><strong>.<\/strong><\/span><\/p>\n<p><span style=\"color: #ffffff;\"><strong>.<\/strong><\/span><\/p>\n<p><strong>SERVI\u00c7O<\/strong><\/p>\n<p>EVENTO \u00a0 \u00a0 \u00a0 \u00a0 \u00a0 \u00a0 \u00a0\u00a0Me Gusta | Studio Line<br \/>\nDATA \u00a0 \u00a0 \u00a0 \u00a0 \u00a0 \u00a0 \u00a0 \u00a0 \u00a0 \u00a026.08.2017 \u2013 s\u00e1bado<br \/>\nLOCAL \u00a0 \u00a0 \u00a0 \u00a0 \u00a0 \u00a0 \u00a0 \u00a0 \u00a0Studio Line.\u00a0Rua \u00c1lvaro Ramos, 414, Botafogo, Rio de Janeiro &#8211; RJ<br \/>\nARTISTAS \u00a0 \u00a0 \u00a0 \u00a0 \u00a0 \u00a0Art in Motion, Saulo Ferraro e\u00a0Vkira vs iagon<br \/>\nINFO \u00a0 \u00a0 \u00a0 \u00a0 \u00a0 \u00a0 \u00a0 \u00a0 \u00a0 \u00a0 <a href=\"https:\/\/www.facebook.com\/events\/137513746838588\/\">Facebook<\/a><br \/>\n<span style=\"color: #ffffff;\">.<\/span><\/p>\n<p><span style=\"color: #ffffff;\">.<\/span><\/p>\n<p>&nbsp;<\/p>\n<\/div>\n<\/div>\n<div class=\"_1r51\">\n<p><img loading=\"lazy\" decoding=\"async\" class=\" wp-image-1799 aligncenter\" src=\"http:\/\/www.tudobeats.com.br\/home\/wp-content\/uploads\/2017\/02\/TUDOBEATS-_-MATERIAIS-_-SITE-_-BANNER-SIGA-FACEBOOK-1024x163.jpg\" alt=\"\" width=\"692\" height=\"110\" srcset=\"https:\/\/www.tudobeats.com.br\/home\/wp-content\/uploads\/2017\/02\/TUDOBEATS-_-MATERIAIS-_-SITE-_-BANNER-SIGA-FACEBOOK-1024x163.jpg 1024w, https:\/\/www.tudobeats.com.br\/home\/wp-content\/uploads\/2017\/02\/TUDOBEATS-_-MATERIAIS-_-SITE-_-BANNER-SIGA-FACEBOOK-300x48.jpg 300w, https:\/\/www.tudobeats.com.br\/home\/wp-content\/uploads\/2017\/02\/TUDOBEATS-_-MATERIAIS-_-SITE-_-BANNER-SIGA-FACEBOOK-768x122.jpg 768w, https:\/\/www.tudobeats.com.br\/home\/wp-content\/uploads\/2017\/02\/TUDOBEATS-_-MATERIAIS-_-SITE-_-BANNER-SIGA-FACEBOOK.jpg 1279w\" sizes=\"auto, (max-width: 692px) 100vw, 692px\" \/><\/p>\n<p>&nbsp;<\/p>\n<p><img decoding=\"async\" class=\"aligncenter\" src=\"https:\/\/scontent.fbfh4-1.fna.fbcdn.net\/v\/t1.0-9\/20664829_1624212587650927_6888266365841234449_n.jpg?oh=fe8aa5dfc52c247d9887b7616b529839&amp;oe=5A19D981\" alt=\"Image may contain: night and text\" \/><\/p>\n<\/div>\n<p style=\"text-align: center;\">.<\/p>\n<p style=\"text-align: center;\"><strong>Leia mais sobre a Me Gusta<\/strong><\/p>\n<div class=\"video-container\">\n<blockquote data-secret=\"E4RRPIsgv4\" class=\"wp-embedded-content\"><p><a href=\"http:\/\/www.tudobeats.com.br\/home\/2016\/11\/30\/me-gusta-comemora-6-anos-com-festa-na-rua-este-sabado-no-rio-de-janeiro\/\">Me Gusta comemora 6 anos com festa na rua este s\u00e1bado no Rio de Janeiro<\/a><\/p><\/blockquote>\n<p><iframe loading=\"lazy\" class=\"wp-embedded-content\" sandbox=\"allow-scripts\" security=\"restricted\" style=\"position: absolute; clip: rect(1px, 1px, 1px, 1px);\" src=\"http:\/\/www.tudobeats.com.br\/home\/2016\/11\/30\/me-gusta-comemora-6-anos-com-festa-na-rua-este-sabado-no-rio-de-janeiro\/embed\/#?secret=E4RRPIsgv4\" data-secret=\"E4RRPIsgv4\" width=\"600\" height=\"338\" title=\"&#8220;Me Gusta comemora 6 anos com festa na rua este s\u00e1bado no Rio de Janeiro&#8221; &#8212; TUDOBEATS\" frameborder=\"0\" marginwidth=\"0\" marginheight=\"0\" scrolling=\"no\"><\/iframe><\/div>\n<div class=\"video-container\">\n<blockquote data-secret=\"Ke53hVdXNc\" class=\"wp-embedded-content\"><p><a href=\"http:\/\/www.tudobeats.com.br\/home\/2017\/02\/22\/me-gusta-carnaval-rmc-pelo-segundo-ano-consecutvio-bloco-eletronico-toma-as-ruas-do-rio\/\">Me Gusta Carnaval RMC: Pelo segundo ano consecutivo bloco eletr\u00f4nico toma as ruas do Rio. Ou\u00e7a os artistas aqui!<\/a><\/p><\/blockquote>\n<p><iframe loading=\"lazy\" class=\"wp-embedded-content\" sandbox=\"allow-scripts\" security=\"restricted\" style=\"position: absolute; clip: rect(1px, 1px, 1px, 1px);\" src=\"http:\/\/www.tudobeats.com.br\/home\/2017\/02\/22\/me-gusta-carnaval-rmc-pelo-segundo-ano-consecutvio-bloco-eletronico-toma-as-ruas-do-rio\/embed\/#?secret=Ke53hVdXNc\" data-secret=\"Ke53hVdXNc\" width=\"600\" height=\"338\" title=\"&#8220;Me Gusta Carnaval RMC: Pelo segundo ano consecutivo bloco eletr\u00f4nico toma as ruas do Rio. Ou\u00e7a os artistas aqui!&#8221; &#8212; TUDOBEATS\" frameborder=\"0\" marginwidth=\"0\" marginheight=\"0\" scrolling=\"no\"><\/iframe><\/div>\n","protected":false},"excerpt":{"rendered":"<p>. Depois de seis anos, a festa Me Gusta retorna ao Studio Line, em Botafogo, cheia de ginga e com line up\u00a0100% carioca. Se liga na playlist! . . O Rio de Janeiro festeja o crescimento da cena eletr\u00f4nica. Cada vez mais festas aparecem assim como novos artistas. Artistas que iniciaram este processo est\u00e3o estabelecidos [&hellip;]<\/p>\n","protected":false},"author":2,"featured_media":2579,"comment_status":"closed","ping_status":"open","sticky":false,"template":"","format":"aside","meta":{"footnotes":""},"categories":[2],"tags":[1350,640,303,144,143,302,1348,16,1349],"class_list":["post-2578","post","type-post","status-publish","format-aside","has-post-thumbnail","hentry","category-news","tag-1350","tag-art-in-motion","tag-fernando-deperon","tag-me-gusta","tag-rio-de-janeiro","tag-saulo-ferraro","tag-studio-line","tag-tudobeats","tag-vicente-amadeo","post_format-post-format-aside"],"jetpack_featured_media_url":"https:\/\/www.tudobeats.com.br\/home\/wp-content\/uploads\/2017\/08\/ME-GUSTA-STUDIO-LINE-001.jpg","_links":{"self":[{"href":"https:\/\/www.tudobeats.com.br\/home\/wp-json\/wp\/v2\/posts\/2578","targetHints":{"allow":["GET"]}}],"collection":[{"href":"https:\/\/www.tudobeats.com.br\/home\/wp-json\/wp\/v2\/posts"}],"about":[{"href":"https:\/\/www.tudobeats.com.br\/home\/wp-json\/wp\/v2\/types\/post"}],"author":[{"embeddable":true,"href":"https:\/\/www.tudobeats.com.br\/home\/wp-json\/wp\/v2\/users\/2"}],"replies":[{"embeddable":true,"href":"https:\/\/www.tudobeats.com.br\/home\/wp-json\/wp\/v2\/comments?post=2578"}],"version-history":[{"count":9,"href":"https:\/\/www.tudobeats.com.br\/home\/wp-json\/wp\/v2\/posts\/2578\/revisions"}],"predecessor-version":[{"id":2588,"href":"https:\/\/www.tudobeats.com.br\/home\/wp-json\/wp\/v2\/posts\/2578\/revisions\/2588"}],"wp:featuredmedia":[{"embeddable":true,"href":"https:\/\/www.tudobeats.com.br\/home\/wp-json\/wp\/v2\/media\/2579"}],"wp:attachment":[{"href":"https:\/\/www.tudobeats.com.br\/home\/wp-json\/wp\/v2\/media?parent=2578"}],"wp:term":[{"taxonomy":"category","embeddable":true,"href":"https:\/\/www.tudobeats.com.br\/home\/wp-json\/wp\/v2\/categories?post=2578"},{"taxonomy":"post_tag","embeddable":true,"href":"https:\/\/www.tudobeats.com.br\/home\/wp-json\/wp\/v2\/tags?post=2578"}],"curies":[{"name":"wp","href":"https:\/\/api.w.org\/{rel}","templated":true}]}}