{"id":1838,"date":"2017-02-20T22:59:58","date_gmt":"2017-02-21T01:59:58","guid":{"rendered":"http:\/\/www.tudobeats.com.br\/home\/?p=1838"},"modified":"2017-02-20T23:51:09","modified_gmt":"2017-02-21T02:51:09","slug":"ilario-alicante-lanca-ep-no-selo-drumcode-e-chega-no-terraza-este-sabado","status":"publish","type":"post","link":"https:\/\/www.tudobeats.com.br\/home\/ilario-alicante-lanca-ep-no-selo-drumcode-e-chega-no-terraza-este-sabado\/","title":{"rendered":"Ilario Alicante lan\u00e7a no selo Drumcode e chega no Terraza este s\u00e1bado. Ou\u00e7a Aqui!"},"content":{"rendered":"<p style=\"text-align: justify;\"><a href=\"http:\/\/facebook.com\/tudobeats\">Ilario Alicante \u00e9 um daqueles talentos singulares.<\/a>\u00a0Italiano que mora em Berlin, Ilario Alicante est\u00e1 nas cabe\u00e7as do techno europeu desde muito novo. O cara estreou &#8211; para voc\u00ea ter uma id\u00e9ia &#8211; aos 15 anos &#8211; sim, 15 &#8211; no Time Warp e nunca mais parou. Como\u00a0um fen\u00f4meno, n\u00e3o \u00e9 necess\u00e1rio dizer que o adolescente logo se tornaria um Artista com A mai\u00fasculo.<\/p>\n<p><span style=\"color: #ffffff;\">.<\/span><\/p>\n<blockquote>\n<h4><a href=\"http:\/\/facebook.com\/tudobeats\">O TUDOBEATS traz aqui o \u00e1lbum para voc\u00ea curtir<\/a>.\u00a0PLAY!<\/h4>\n<\/blockquote>\n<p><span style=\"color: #ffffff;\">.<\/span><\/p>\n<p><iframe loading=\"lazy\" src=\"https:\/\/w.soundcloud.com\/player\/?url=https%3A\/\/api.soundcloud.com\/playlists\/297069780&amp;auto_play=false&amp;hide_related=false&amp;show_comments=true&amp;show_user=true&amp;show_reposts=false&amp;visual=true\" width=\"100%\" height=\"450\" frameborder=\"no\" scrolling=\"no\"><\/iframe><\/p>\n<p style=\"text-align: justify;\">A carreira do artista desde ent\u00e3o sempre esteve sendo observado de perto pelos Big Names. Assim foi com\u00a0Sven V\u00e4th, que chamou ele para a Cocoon e Berghain &#8211; recerenciado club alem\u00e3o &#8211; quando tinha apenbas 21 anos. Ilario tem lan\u00e7amentos regulares pela Cocoon e colabora\u00e7\u00f5es com Tale Of Us e remixes de R\u00f8dhad e\u00a0Ryan Elliott \u00a0&#8211; \u00a0para citar alguns. Agora o artista estr\u00e9ia no selo de Adam Beyer, &#8216;Drumcode&#8217; tamb\u00e9m no &#8216;Soma&#8217;. Breve Ilario Alicante dar\u00e1 um grande passo em sua carreira, a cria\u00e7\u00e3o do seu pr\u00f3prio selo: Virgo.<\/p>\n<p style=\"text-align: justify;\"><span style=\"color: #ffffff;\">.<\/span><\/p>\n<blockquote>\n<h4 style=\"text-align: justify;\"><a href=\"http:\/\/www.facebook.com\/tudobeats\">Fique ligado nas novidades sobre Ilario Alicante seguindo o TUDOBEATS\u00a0no Facebook<\/a><\/h4>\n<\/blockquote>\n<p style=\"text-align: justify;\"><span style=\"color: #ffffff;\">.<\/span><\/p>\n<p style=\"text-align: justify;\"><img loading=\"lazy\" decoding=\"async\" class=\"size-full wp-image-1757 aligncenter\" src=\"http:\/\/www.tudobeats.com.br\/home\/wp-content\/uploads\/2017\/02\/ilario-alicante.jpg\" alt=\"ilario alicante\" width=\"800\" height=\"451\" srcset=\"https:\/\/www.tudobeats.com.br\/home\/wp-content\/uploads\/2017\/02\/ilario-alicante.jpg 800w, https:\/\/www.tudobeats.com.br\/home\/wp-content\/uploads\/2017\/02\/ilario-alicante-300x169.jpg 300w, https:\/\/www.tudobeats.com.br\/home\/wp-content\/uploads\/2017\/02\/ilario-alicante-768x433.jpg 768w\" sizes=\"auto, (max-width: 800px) 100vw, 800px\" \/><\/p>\n<p style=\"text-align: justify;\">Ilario Alicante produziu um \u00e1lbum completo para sua estr\u00e9ia no selo alem\u00e3o do lend\u00e1rio DJ Produtor Adam Beyer. Falamos do EP, &#8216;Awakened&#8217;, lan\u00e7ado no dia 6 de Fevereiro e que segue uma linha j\u00e1 apresentada em outros la\u00e7amentos pelo Volume 4 no ano passado.<\/p>\n<p style=\"text-align: justify;\"><a href=\"http:\/\/facebook.com\/tudobeats\"><img loading=\"lazy\" decoding=\"async\" class=\"alignnone size-large wp-image-1799\" src=\"http:\/\/www.tudobeats.com.br\/home\/wp-content\/uploads\/2017\/02\/TUDOBEATS-_-MATERIAIS-_-SITE-_-BANNER-SIGA-FACEBOOK-1024x163.jpg\" alt=\"TUDOBEATS _ MATERIAIS _ SITE _ BANNER SIGA FACEBOOK\" width=\"1000\" height=\"159\" srcset=\"https:\/\/www.tudobeats.com.br\/home\/wp-content\/uploads\/2017\/02\/TUDOBEATS-_-MATERIAIS-_-SITE-_-BANNER-SIGA-FACEBOOK-1024x163.jpg 1024w, https:\/\/www.tudobeats.com.br\/home\/wp-content\/uploads\/2017\/02\/TUDOBEATS-_-MATERIAIS-_-SITE-_-BANNER-SIGA-FACEBOOK-300x48.jpg 300w, https:\/\/www.tudobeats.com.br\/home\/wp-content\/uploads\/2017\/02\/TUDOBEATS-_-MATERIAIS-_-SITE-_-BANNER-SIGA-FACEBOOK-768x122.jpg 768w, https:\/\/www.tudobeats.com.br\/home\/wp-content\/uploads\/2017\/02\/TUDOBEATS-_-MATERIAIS-_-SITE-_-BANNER-SIGA-FACEBOOK.jpg 1279w\" sizes=\"auto, (max-width: 1000px) 100vw, 1000px\" \/><\/a><\/p>\n<p style=\"text-align: justify;\">O EP j\u00e1 come\u00e7a com uma percuss\u00e3o nervosa em meio a linhas de baixo que se apresentam claras e fortes na track &#8216;Times&#8217;, com uma melodia surgindo lentamente sobre o Chimbal\u00a0. A segunda\u00a0track d\u00e1 nome ao \u00e1lbum, &#8216;Awakened&#8217;, \u00a0e j\u00e1 \u00e9 conhecido do p\u00fablico por ter aparecido nos sets do pr\u00f3prio Adam Beyer, boss do selo, em bailes mundo afora. Arpeggios e vocais que ecoam fazem desta m\u00fasica bastante singular.<\/p>\n<p style=\"text-align: justify;\">A terceira track &#8216;Sense&#8217; j\u00e1 entra mais na escurid\u00e3o e por que n\u00e3o, num som industrial. &#8216;Apogeo&#8217; fecha o pacote com downbeat.<\/p>\n<p style=\"text-align: justify;\">&#8216;Awakened&#8217; vem para acrescentar a excelente qualidade dos materiais apresentados pelo prod\u00edgio Alicante que j\u00e1 conta com uma discografia respeit\u00e1vel.<\/p>\n<p style=\"text-align: justify;\">.<\/p>\n<blockquote>\n<p style=\"text-align: justify;\"><a href=\"http:\/\/www.tudobeats.com.br\/home\/2017\/02\/02\/festival-techno-heart-garante-a-festa-eletronica-no-carnaval-de-floripa\/\">Leia tamb\u00e9m:<\/a><\/p>\n<p style=\"text-align: justify;\"><a href=\"http:\/\/www.tudobeats.com.br\/home\/2017\/02\/02\/festival-techno-heart-garante-a-festa-eletronica-no-carnaval-de-floripa\/\"><em>EVENTO ASSINADO PELO TERRAZA TER\u00c1 CINCO ATRA\u00c7\u00d5ES INTERNACIONAIS E OCUPAR\u00c1 TR\u00caS PISTAS NO COMPLEXO MUSIC PARK<\/em><\/a><\/p>\n<\/blockquote>\n<p>&nbsp;<\/p>\n<p><strong>Servi\u00e7o<\/strong><\/p>\n<p><strong>Terraza presents: Techno Heart<\/strong><\/p>\n<p><strong>Data<\/strong>: 27 de fevereiro de 2017, segunda-feira de carnaval, a partir das 22h<\/p>\n<p><strong>Local<\/strong>: Music Park \u2013 Rod. Maur\u00edcio Sirotsky Sobrinho, n\u00ba 1.050, Jurer\u00ea<\/p>\n<p><a href=\"http:\/\/facebook.com\/tudobeats\"><strong>Tracklist<\/strong><\/a><br \/>\n01. Times<br \/>\n02. Awakened<br \/>\n03. Sense<br \/>\n04. Apogeo<\/p>\n<p>&nbsp;<\/p>\n<p><a href=\"http:\/\/facebook.com\/tudobeats\">Acesse maiores informa\u00e7\u00f5es sobre o artista nas redes sociais:<\/a><\/p>\n<p><span style=\"color: #ffffff;\">.<\/span><\/p>\n<p><a href=\"http:\/\/facebook.com\/ILARIOALICANTEOFFICIAL\/\">facebook.com\/ilarioalicanteofficial<\/a><br \/>\n<a href=\"http:\/\/twitter.com\/ilarioalicante\">twitter.com\/ilarioalicante<\/a><br \/>\n<a href=\"http:\/\/soundcloud.com\/ilario-alicante\">soundcloud.com\/ilario-alicante<\/a><\/p>\n<p><span style=\"color: #ffffff;\">.<\/span><\/p>\n<p><img decoding=\"async\" src=\"https:\/\/scontent.fsdu5-1.fna.fbcdn.net\/v\/t1.0-9\/16640758_1403705683015577_2239468282550742835_n.jpg?oh=facba80b893624d7af004c474e7df141&amp;oe=593F4D1A\" alt=\"No automatic alt text available.\" \/><\/p>\n","protected":false},"excerpt":{"rendered":"<p>Ilario Alicante \u00e9 um daqueles talentos singulares.\u00a0Italiano que mora em Berlin, Ilario Alicante est\u00e1 nas cabe\u00e7as do techno europeu desde muito novo. O cara estreou &#8211; para voc\u00ea ter uma id\u00e9ia &#8211; aos 15 anos &#8211; sim, 15 &#8211; no Time Warp e nunca mais parou. Como\u00a0um fen\u00f4meno, n\u00e3o \u00e9 necess\u00e1rio dizer que o adolescente [&hellip;]<\/p>\n","protected":false},"author":2,"featured_media":1757,"comment_status":"closed","ping_status":"open","sticky":false,"template":"","format":"aside","meta":{"footnotes":""},"categories":[181],"tags":[908,263,237,10,261,907,39,906,267,176,211,8,7,905,18,19,20,385,319,224,16],"class_list":["post-1838","post","type-post","status-publish","format-aside","has-post-thumbnail","hentry","category-lancamentos","tag-adam-beyer","tag-balada","tag-brasil","tag-brazil","tag-camboriu","tag-cocoont","tag-curitiba","tag-drumcode","tag-emusic","tag-ep","tag-florianopolis","tag-house","tag-house-mag","tag-ilario-alicante","tag-nazen","tag-nazen-carneiro","tag-nzpr","tag-parana","tag-santa-catarina","tag-terraza","tag-tudobeats","post_format-post-format-aside"],"jetpack_featured_media_url":"https:\/\/www.tudobeats.com.br\/home\/wp-content\/uploads\/2017\/02\/ilario-alicante.jpg","_links":{"self":[{"href":"https:\/\/www.tudobeats.com.br\/home\/wp-json\/wp\/v2\/posts\/1838","targetHints":{"allow":["GET"]}}],"collection":[{"href":"https:\/\/www.tudobeats.com.br\/home\/wp-json\/wp\/v2\/posts"}],"about":[{"href":"https:\/\/www.tudobeats.com.br\/home\/wp-json\/wp\/v2\/types\/post"}],"author":[{"embeddable":true,"href":"https:\/\/www.tudobeats.com.br\/home\/wp-json\/wp\/v2\/users\/2"}],"replies":[{"embeddable":true,"href":"https:\/\/www.tudobeats.com.br\/home\/wp-json\/wp\/v2\/comments?post=1838"}],"version-history":[{"count":9,"href":"https:\/\/www.tudobeats.com.br\/home\/wp-json\/wp\/v2\/posts\/1838\/revisions"}],"predecessor-version":[{"id":1848,"href":"https:\/\/www.tudobeats.com.br\/home\/wp-json\/wp\/v2\/posts\/1838\/revisions\/1848"}],"wp:featuredmedia":[{"embeddable":true,"href":"https:\/\/www.tudobeats.com.br\/home\/wp-json\/wp\/v2\/media\/1757"}],"wp:attachment":[{"href":"https:\/\/www.tudobeats.com.br\/home\/wp-json\/wp\/v2\/media?parent=1838"}],"wp:term":[{"taxonomy":"category","embeddable":true,"href":"https:\/\/www.tudobeats.com.br\/home\/wp-json\/wp\/v2\/categories?post=1838"},{"taxonomy":"post_tag","embeddable":true,"href":"https:\/\/www.tudobeats.com.br\/home\/wp-json\/wp\/v2\/tags?post=1838"}],"curies":[{"name":"wp","href":"https:\/\/api.w.org\/{rel}","templated":true}]}}