{"id":1099,"date":"2016-11-30T11:13:28","date_gmt":"2016-11-30T14:13:28","guid":{"rendered":"http:\/\/www.tudobeats.com.br\/home\/?p=1099"},"modified":"2016-12-05T08:30:01","modified_gmt":"2016-12-05T11:30:01","slug":"me-gusta-comemora-6-anos-com-festa-na-rua-este-sabado-no-rio-de-janeiro","status":"publish","type":"post","link":"https:\/\/www.tudobeats.com.br\/home\/me-gusta-comemora-6-anos-com-festa-na-rua-este-sabado-no-rio-de-janeiro\/","title":{"rendered":"Me Gusta comemora 6 anos com festa na rua este s\u00e1bado no Rio de Janeiro"},"content":{"rendered":"<blockquote>\n<h3 style=\"text-align: justify;\"><em>Uma das pioneiras do Underground\u00a0no Rio de Janeiro,\u00a0<a href=\"https:\/\/www.facebook.com\/festamegusta\/\">festa &#8220;Me Gusta&#8221;, chega ao seu sexto ano <\/a>estabelecida nos clubs e inovando, trazendo m\u00fasica eletr\u00f4nica para as ruas do Rio.<\/em><\/h3>\n<p><span style=\"color: #ffffff;\">.<\/span><\/p><\/blockquote>\n<div id=\"attachment_1100\" style=\"width: 1010px\" class=\"wp-caption aligncenter\"><img loading=\"lazy\" decoding=\"async\" aria-describedby=\"caption-attachment-1100\" class=\"wp-image-1100 size-large\" src=\"http:\/\/www.tudobeats.com.br\/home\/wp-content\/uploads\/2016\/11\/Me-Gusta-6-Anos-Divulgacao-Artistas-1024x682.jpg\" alt=\"ME GUSTA crew \/ Foto: Divulga\u00e7\u00e3o\" width=\"1000\" height=\"666\" srcset=\"https:\/\/www.tudobeats.com.br\/home\/wp-content\/uploads\/2016\/11\/Me-Gusta-6-Anos-Divulgacao-Artistas-1024x682.jpg 1024w, https:\/\/www.tudobeats.com.br\/home\/wp-content\/uploads\/2016\/11\/Me-Gusta-6-Anos-Divulgacao-Artistas-300x200.jpg 300w, https:\/\/www.tudobeats.com.br\/home\/wp-content\/uploads\/2016\/11\/Me-Gusta-6-Anos-Divulgacao-Artistas-768x512.jpg 768w, https:\/\/www.tudobeats.com.br\/home\/wp-content\/uploads\/2016\/11\/Me-Gusta-6-Anos-Divulgacao-Artistas.jpg 1280w\" sizes=\"auto, (max-width: 1000px) 100vw, 1000px\" \/><p id=\"caption-attachment-1100\" class=\"wp-caption-text\"><em>ME GUSTA crew Art in Motion, Keskem, Saulo Ferraro, Magri. Produtor de eventos S\u00e9rgio Veras e Fernando Deperon<\/em>.\/ Foto: Divulga\u00e7\u00e3o<\/p><\/div>\n<p><span style=\"color: #ffffff;\">.<\/span><\/p>\n<p>Rio de Janeiro, 30 de Novembro de 2016<\/p>\n<p><span style=\"color: #ffffff;\">.<\/span><\/p>\n<p>Uma das pioneiras em trazer o Deep House e Techno underground para a cidade do Rio de janeiro, a festa <a href=\"https:\/\/www.facebook.com\/festamegusta\/\">Me Gusta<\/a> completa seis anos de uma agitada vida! O n\u00facleo n\u00e3o parou nos clubs e seguiu criando; suas festas v\u00e3o dos night clubs aos caf\u00e9s com transmiss\u00e3o ao vivo e festas na rua.<\/p>\n<p style=\"padding-left: 30px;\"><a href=\"http:\/\/www.facebook.com\/tudobeats\">O TUDOBEATS\u00a0criou uma playlist com os artistas que se apresentam neste s\u00e1bado. PLAY!<\/a><\/p>\n<p><iframe loading=\"lazy\" src=\"https:\/\/w.soundcloud.com\/player\/?url=https%3A\/\/api.soundcloud.com\/playlists\/279637719&amp;color=ff5500&amp;auto_play=false&amp;hide_related=false&amp;show_comments=true&amp;show_user=true&amp;show_reposts=false\" width=\"100%\" height=\"350\" frameborder=\"no\" scrolling=\"no\"><\/iframe><\/p>\n<p>Presen\u00e7a regular\u00a0na agenda dos clubs cariocas, a <a href=\"https:\/\/www.facebook.com\/festamegusta\/\">Me Gusta<\/a>, este ano, inovou no Rio de Janeiro e lan\u00e7ou o projeto &#8220;<a href=\"https:\/\/www.facebook.com\/festamegusta\/\">Me Gusta<\/a> Labs&#8221;; apresenta\u00e7\u00f5es transmitidas ao vivo pelo streaming na Galeria Caf\u00e9, da rua Teixeira de Melo. N\u00e3o parou por a\u00ed e seguiu inventando moda, inclusive com festas em Barcos e realizou sua primeira edi\u00e7\u00e3o em local p\u00fablico, gratuito, trazendo v\u00e1rios DJs para a pra\u00e7a. <a href=\"https:\/\/www.facebook.com\/events\/1106732192779454\/\"><strong>Trata-se do Me Gusta 0800, foco desta mat\u00e9ria.<\/strong><\/a><\/p>\n<p><strong>Neste s\u00e1bado o evento rola novamente em local a ser divulgado na <a href=\"https:\/\/www.facebook.com\/events\/1106732192779454\/\">p\u00e1gina oficial <\/a>com os artistas <a href=\"https:\/\/www.facebook.com\/artinmotionofficial\/?ref=br_rs\">Art In Motion<\/a> (Plano B Records),\u00a0<a href=\"http:\/\/www.facebook.com\/DJMagri\">DJ Magri <\/a>(Mindthegap),\u00a0<a href=\"https:\/\/www.facebook.com\/keskemmusic\/?ref=br_rs\">Keskem <\/a>(Tropical Beats \/ Farris Wheel Recordings),\u00a0<a href=\"https:\/\/www.facebook.com\/profile.php?id=1288953809&amp;fref=ts\">Saulo Ferraro <\/a>(Mulhouse &#8211; Brasil \/ Feeling Agency)<\/strong><\/p>\n<p>Fernando Deperon, produtor executivo da <a href=\"https:\/\/www.facebook.com\/festamegusta\/\">Me Gusta<\/a> nos conta que <em>&#8220;A <a href=\"https:\/\/www.facebook.com\/festamegusta\/\">Me Gusta<\/a> n\u00e3o para. \u00c9 uma marca que representa um estilo de vida. Temos as festas, o apoio aos artistas e a cena, trazendo artistas que s\u00e3o, e ser\u00e3o, tend\u00eancia&#8230; Temos roupas e uma s\u00e9rie de coisas criativas.&#8221;<\/em><\/p>\n<p>Entre mais te 30 edi\u00e7\u00f5es no\u00a0Rio, B\u00fazios, Bras\u00edlia, Campinas, Belo Horizonte, dezenas de DJs em apresenta\u00e7\u00f5es memor\u00e1veis, rolou at\u00e9 festa no barco, na piscina e bloco de carnaval que, inclusive, \u00e9 um dos\u00a0mais esperados para o ano de 2017.<\/p>\n<blockquote><p><em>&#8220;O Bloco Me Gusta vai pra rua. A m\u00fasica eletr\u00f4nica vai tomar conta das ruas do Rio&#8221;,\u00a0diz Fernando Deperon,\u00a0produtor do evento.<\/em><\/p><\/blockquote>\n<p><strong>Servi\u00e7o<br \/>\n<\/strong><br \/>\nData: 03\u00a0de Dezembro de 2016<br \/>\nLocal: Centro do RJ &#8211; a ser divulgado no dia do evento.<br \/>\nHor\u00e1rio: 20h as 07.<br \/>\nEvento Gratuito<br \/>\nAtra\u00e7\u00f5es: Art in Motion, Keskem, Saulo Ferraro, Magri.<\/p>\n<p>&nbsp;<\/p>\n<p>&nbsp;<\/p>\n","protected":false},"excerpt":{"rendered":"<p>Uma das pioneiras do Underground\u00a0no Rio de Janeiro,\u00a0festa &#8220;Me Gusta&#8221;, chega ao seu sexto ano estabelecida nos clubs e inovando, trazendo m\u00fasica eletr\u00f4nica para as ruas do Rio. . . Rio de Janeiro, 30 de Novembro de 2016 . Uma das pioneiras em trazer o Deep House e Techno underground para a cidade do Rio [&hellip;]<\/p>\n","protected":false},"author":2,"featured_media":1100,"comment_status":"open","ping_status":"open","sticky":false,"template":"","format":"aside","meta":{"footnotes":""},"categories":[152],"tags":[640,642,646,301,644,643,647,641,302,645],"class_list":["post-1099","post","type-post","status-publish","format-aside","has-post-thumbnail","hentry","category-eventos","tag-art-in-motion","tag-dj-magri","tag-farris-wheel-recordings","tag-feeling-agency","tag-keskem","tag-mindthegap","tag-mulhouse","tag-plano-b-records","tag-saulo-ferraro","tag-tropical-beats","post_format-post-format-aside"],"jetpack_featured_media_url":"https:\/\/www.tudobeats.com.br\/home\/wp-content\/uploads\/2016\/11\/Me-Gusta-6-Anos-Divulgacao-Artistas.jpg","_links":{"self":[{"href":"https:\/\/www.tudobeats.com.br\/home\/wp-json\/wp\/v2\/posts\/1099","targetHints":{"allow":["GET"]}}],"collection":[{"href":"https:\/\/www.tudobeats.com.br\/home\/wp-json\/wp\/v2\/posts"}],"about":[{"href":"https:\/\/www.tudobeats.com.br\/home\/wp-json\/wp\/v2\/types\/post"}],"author":[{"embeddable":true,"href":"https:\/\/www.tudobeats.com.br\/home\/wp-json\/wp\/v2\/users\/2"}],"replies":[{"embeddable":true,"href":"https:\/\/www.tudobeats.com.br\/home\/wp-json\/wp\/v2\/comments?post=1099"}],"version-history":[{"count":9,"href":"https:\/\/www.tudobeats.com.br\/home\/wp-json\/wp\/v2\/posts\/1099\/revisions"}],"predecessor-version":[{"id":1121,"href":"https:\/\/www.tudobeats.com.br\/home\/wp-json\/wp\/v2\/posts\/1099\/revisions\/1121"}],"wp:featuredmedia":[{"embeddable":true,"href":"https:\/\/www.tudobeats.com.br\/home\/wp-json\/wp\/v2\/media\/1100"}],"wp:attachment":[{"href":"https:\/\/www.tudobeats.com.br\/home\/wp-json\/wp\/v2\/media?parent=1099"}],"wp:term":[{"taxonomy":"category","embeddable":true,"href":"https:\/\/www.tudobeats.com.br\/home\/wp-json\/wp\/v2\/categories?post=1099"},{"taxonomy":"post_tag","embeddable":true,"href":"https:\/\/www.tudobeats.com.br\/home\/wp-json\/wp\/v2\/tags?post=1099"}],"curies":[{"name":"wp","href":"https:\/\/api.w.org\/{rel}","templated":true}]}}